{"id":13621,"date":"2021-12-27T11:44:59","date_gmt":"2021-12-27T10:44:59","guid":{"rendered":"https:\/\/sebastiantextiles.com\/?p=13621"},"modified":"2023-05-23T10:03:20","modified_gmt":"2023-05-23T10:03:20","slug":"tendencias-color-otono-invierno-2023-2024","status":"publish","type":"post","link":"https:\/\/sebastiantextiles.proyectowebs.com\/en\/tendencias-color-otono-invierno-2023-2024\/","title":{"rendered":"Tendencias Color Oto\u00f1o-Invierno 2023-2024"},"content":{"rendered":"\n<p class=\"wp-block-paragraph\"><strong>Lightless ages<\/strong><\/p>\n\n\n\n<p class=\"wp-block-paragraph\"><strong>&nbsp;<\/strong>\u201cEsta edad oscura no tiene barras de hierro, cadenas o candados. En su lugar, domina la desorientaci\u00f3n y se construye en la desinformaci\u00f3n\u201d<\/p>\n\n\n\n<p class=\"wp-block-paragraph\">Richard Bunckmister<br>Cosmography, 1992<\/p>\n\n\n\n<p class=\"wp-block-paragraph\"><span style=\"text-decoration: underline;\"><strong>Tendencias Oto\u00f1o-Invierno 2023-2024<\/strong><\/span><\/p>\n\n\n\n<p class=\"wp-block-paragraph\">Nuestro entorno social est\u00e1 lleno de contradicciones. Nos movemos motivados por la necesidad de hacer uso de las oportunidades sociales y de adquirir experiencias placenteras. Pero a\u00fan nos encontramos en shock e indignados por lo que ha supuesto la pandemia para nosotros: en este contexto nos cuesta admitir que estamos en plena transformaci\u00f3n social y cultural, motivada por el agotamiento de las estructuras y el cansancio de una \u00e9poca que se muestra como incierta, insegura y ef\u00edmera. No se trata, sin embargo, del preludio del colapso, pero s\u00ed de un momento de transici\u00f3n entre \u00e9pocas dispares. Como ya sucedi\u00f3 en los a\u00f1os 20 del siglo pasado, nos hallamos ante un nuevo resurgir de las artes, los negocios, las relaciones personales y el emprendimiento provocados por la necesidad de interacci\u00f3n social. Pero son a\u00f1os disruptivos en los que la crisis econ\u00f3mica, la cultural y la ideol\u00f3gica tambi\u00e9n nos acechar\u00e1 como consecuencia del desenfreno con el que vivimos el presente. Son tiempos turbulentos, en los que nos movemos en escenarios complejos, caracterizados por la extravagancia y una suerte de p\u00e1nico exuberante, grotesco\u2026 Un espacio proclive a la aparici\u00f3n de \u00eddolos arrogantes, sin referentes, deste\u00f1idos que, sin embargo, construyen discursos vac\u00edos con una enorme eficacia simb\u00f3lica.<\/p>\n\n\n\n<p class=\"wp-block-paragraph\"><strong>DECAY (Decadencia) | Tendencias Oto\u00f1o-Invierno 2023-2024<\/strong><\/p>\n\n\n\n<figure class=\"wp-block-image size-large\"><img loading=\"lazy\" decoding=\"async\" width=\"1024\" height=\"724\" src=\"https:\/\/sebastiantextiles.proyectowebs.com\/wp-content\/uploads\/2023\/05\/Decay-00000002-2-2048x1447-1-1024x724.jpg\" alt=\"\" class=\"wp-image-22241\" srcset=\"https:\/\/sebastiantextiles.proyectowebs.com\/wp-content\/uploads\/2023\/05\/Decay-00000002-2-2048x1447-1-1024x724.jpg 1024w, https:\/\/sebastiantextiles.proyectowebs.com\/wp-content\/uploads\/2023\/05\/Decay-00000002-2-2048x1447-1-300x212.jpg 300w, https:\/\/sebastiantextiles.proyectowebs.com\/wp-content\/uploads\/2023\/05\/Decay-00000002-2-2048x1447-1-768x543.jpg 768w, https:\/\/sebastiantextiles.proyectowebs.com\/wp-content\/uploads\/2023\/05\/Decay-00000002-2-2048x1447-1-1536x1085.jpg 1536w, https:\/\/sebastiantextiles.proyectowebs.com\/wp-content\/uploads\/2023\/05\/Decay-00000002-2-2048x1447-1-600x424.jpg 600w, https:\/\/sebastiantextiles.proyectowebs.com\/wp-content\/uploads\/2023\/05\/Decay-00000002-2-2048x1447-1.jpg 2048w\" sizes=\"auto, (max-width: 1024px) 100vw, 1024px\" \/><\/figure>\n\n\n\n<p class=\"wp-block-paragraph\">Exception \u2013 Scam \u2013 Populism \u2013 Consiracy &#8211; Firebrand<\/p>\n\n\n\n<p class=\"wp-block-paragraph\">(Control social \u2013 Falsas noticias \u2013 Populismo \u2013 Teor\u00edas conspiratorias \u2013 Radicalismos)<\/p>\n\n\n\n<p class=\"wp-block-paragraph\">El deterioro de nuestro sistema social se produce a partir de la toma de decisiones pol\u00edticas, basadas en la incoherencia, y que se vehiculan a partir de l\u00edderes que utilizan discursos extremos en los que las arengas vac\u00edas de contenido son las protagonistas. Esta situaci\u00f3n nos conduce a la aparici\u00f3n de grupos radicales y l\u00edderes dogm\u00e1ticos que basan sus argumentos en teor\u00edas conspiranoicas, sin sentido, pero con una gran eficacia divulgativa. La inestabilidad y el desequilibrio estructural son las principales caracter\u00edsticas de esta \u00e9poca de transici\u00f3n.<\/p>\n\n\n\n<p class=\"wp-block-paragraph\">En esta carta de color encontramos distintos tonos de verde que nos hablan de esa decadencia plausible que, con el uso de texturas un tanto impropias, nos recuerdan a esa idea de caducidad que define a los relatos contempor\u00e1neos. Tambi\u00e9n, la presencia de un tono lila azulado, que nos traslada al morado oscuro, supone la representaci\u00f3n de la frustraci\u00f3n que define al momento en el que nos encontramos. La propuesta acaba con un potente granate que representa la idea de esos discursos incendiarios que llenan nuestros medios de comunicaci\u00f3n, aunque lo m\u00e1s destacado de ella es la presencia del amarillo. Esta tonalidad se plantea como sin\u00f3nimo de preocupaci\u00f3n y contrasta con el inicio de la carta para la que usamos un tono opaco, como referencia a la melancol\u00eda.<\/p>\n\n\n\n<p class=\"wp-block-paragraph\"><strong>TROUBLING TIMES (Tiempos turbulentos) | Tendencias Oto\u00f1o-Invierno 2023-2024<\/strong><\/p>\n\n\n\n<figure class=\"wp-block-image size-large\"><img loading=\"lazy\" decoding=\"async\" width=\"1024\" height=\"716\" src=\"https:\/\/sebastiantextiles.proyectowebs.com\/wp-content\/uploads\/2021\/12\/Troubling-Times-6-2048x1431-1-1024x716.jpg\" alt=\"\" class=\"wp-image-22242\" srcset=\"https:\/\/sebastiantextiles.proyectowebs.com\/wp-content\/uploads\/2021\/12\/Troubling-Times-6-2048x1431-1-1024x716.jpg 1024w, https:\/\/sebastiantextiles.proyectowebs.com\/wp-content\/uploads\/2021\/12\/Troubling-Times-6-2048x1431-1-300x210.jpg 300w, https:\/\/sebastiantextiles.proyectowebs.com\/wp-content\/uploads\/2021\/12\/Troubling-Times-6-2048x1431-1-768x537.jpg 768w, https:\/\/sebastiantextiles.proyectowebs.com\/wp-content\/uploads\/2021\/12\/Troubling-Times-6-2048x1431-1-1536x1073.jpg 1536w, https:\/\/sebastiantextiles.proyectowebs.com\/wp-content\/uploads\/2021\/12\/Troubling-Times-6-2048x1431-1-600x419.jpg 600w, https:\/\/sebastiantextiles.proyectowebs.com\/wp-content\/uploads\/2021\/12\/Troubling-Times-6-2048x1431-1.jpg 2048w\" sizes=\"auto, (max-width: 1024px) 100vw, 1024px\" \/><\/figure>\n\n\n\n<p class=\"wp-block-paragraph\">Unsteady \u2013 Disorder \u2013 Amnesia \u2013 Instinctive \u2013 Reckless<\/p>\n\n\n\n<p class=\"wp-block-paragraph\">(Inestabilidad \u2013 desorden \u2013 Amnesia \u2013 Impulso \u2013 Imprudente)<\/p>\n\n\n\n<p class=\"wp-block-paragraph\">La nueva realidad en la que nos encontramos genera en los individuos un irrefutable desconcierto en el que las necesidades de rehacer nuestra vida social comparten espacio con una suerte de miedo insolente ante la vuelta a una situaci\u00f3n de p\u00e9rdida de la libertad. Esto nos conduce a la distorsi\u00f3n de nuestras acciones, que se vuelven excesivas e impulsivas, y que nos arrastran a la paradoja de aceptar determinadas formas de autoridad al mismo tiempo que mostramos una rebeld\u00eda sin sentido.<\/p>\n\n\n\n<p class=\"wp-block-paragraph\">Nuestro planteamiento crom\u00e1tico surge del amarillo, como el tono m\u00e1s optimista, que nos invita a pensar en t\u00e9rminos de energ\u00eda positiva y nos induce a esa acci\u00f3n que nos permite ser subversivos. La frialdad del matiz plata nos traslada a un color pasional como es el granate, que simboliza la irreverencia. Los verdes en esta carta aportan la imagen negativa de inmadurez social y de falso equilibrio en la que nos encontramos, mientras que el punto de inter\u00e9s se ubica en un rosa que se interpreta como debilidad. La propuesta acaba con ocres de saturaci\u00f3n controlada que encarnan el miedo social existente, y que se equilibra con la presencia de un beige oscuro que estimula la serenidad.<\/p>\n\n\n\n<p class=\"wp-block-paragraph\"><strong>WASHED-OUD IDOLS (\u00cddolos deste\u00f1idos) | Tendencias Oto\u00f1o-Invierno 2023-2024<\/strong><\/p>\n\n\n\n<figure class=\"wp-block-image size-large\"><img loading=\"lazy\" decoding=\"async\" width=\"1024\" height=\"718\" src=\"https:\/\/sebastiantextiles.proyectowebs.com\/wp-content\/uploads\/2023\/05\/Grotesque-2-2048x1436-1-1024x718.jpg\" alt=\"\" class=\"wp-image-22243\" srcset=\"https:\/\/sebastiantextiles.proyectowebs.com\/wp-content\/uploads\/2023\/05\/Grotesque-2-2048x1436-1-1024x718.jpg 1024w, https:\/\/sebastiantextiles.proyectowebs.com\/wp-content\/uploads\/2023\/05\/Grotesque-2-2048x1436-1-300x210.jpg 300w, https:\/\/sebastiantextiles.proyectowebs.com\/wp-content\/uploads\/2023\/05\/Grotesque-2-2048x1436-1-768x539.jpg 768w, https:\/\/sebastiantextiles.proyectowebs.com\/wp-content\/uploads\/2023\/05\/Grotesque-2-2048x1436-1-1536x1077.jpg 1536w, https:\/\/sebastiantextiles.proyectowebs.com\/wp-content\/uploads\/2023\/05\/Grotesque-2-2048x1436-1-600x421.jpg 600w, https:\/\/sebastiantextiles.proyectowebs.com\/wp-content\/uploads\/2023\/05\/Grotesque-2-2048x1436-1.jpg 2048w\" sizes=\"auto, (max-width: 1024px) 100vw, 1024px\" \/><\/figure>\n\n\n\n<p class=\"wp-block-paragraph\">Fake &#8211; Ethical Hoax &#8211; Empty Epics \u2013 Arrogantly \u2013 Alluring<\/p>\n\n\n\n<p class=\"wp-block-paragraph\">(Sin referentes &#8211;&nbsp; \u00e9tica farsa &#8211;&nbsp; \u00c9picas vac\u00edas \u2013 Arrogantemente &#8211;&nbsp; Seductor)<\/p>\n\n\n\n<p class=\"wp-block-paragraph\">Los nuevos \u00eddolos sociales son el referente de esta comunidad extravagante que reclama voces seductoras, cargadas de discursos \u00e9picos que se exponen en las redes sociales y generan ej\u00e9rcitos de seguidores. As\u00ed, aparecen nuevos l\u00edderes que se caracterizan por su arrogancia y arrojo a la hora de emitir discursos vac\u00edos de contenido, pero cargados atracci\u00f3n, que se convierten en soflamas dispersas e incoherentes, faltos de referentes s\u00f3lidos, en los que la \u00e9tica puede confundirse con el espect\u00e1culo.<\/p>\n\n\n\n<p class=\"wp-block-paragraph\">Esta carta supone una apuesta por los tonos rosa, que parten de un descarado color carmes\u00ed, como indicador de movimiento, que nos conduce hacia otros dos m\u00e1s suave, que simbolizan la juventud y la jovialidad. La gama de rosas finaliza con un fucsia exc\u00e9ntrico y abrumador que representa a la figura del l\u00edder arrogante e ins\u00f3lito. Un tono piel nos conecta con este personaje que se presenta como una verdadera autoridad social, simbolizada a trav\u00e9s del color naranja. Este l\u00edder destaca por su egocentrismo, que se refleja en el turquesa fr\u00edo y brillante, y necesidad intr\u00ednseca de llamar la atenci\u00f3n, tal y como vemos en el amarillo intenso que cierra la carta.<\/p>\n\n\n\n<p class=\"wp-block-paragraph\"><strong>GROTESQUE (Grotesco) | Tendencias Oto\u00f1o-Invierno 2023-2024<\/strong><\/p>\n\n\n\n<figure class=\"wp-block-image size-large\"><img loading=\"lazy\" decoding=\"async\" width=\"1024\" height=\"718\" src=\"https:\/\/sebastiantextiles.proyectowebs.com\/wp-content\/uploads\/2023\/05\/Grotesque-2-2048x1436-1-1024x718.jpg\" alt=\"\" class=\"wp-image-22243\" srcset=\"https:\/\/sebastiantextiles.proyectowebs.com\/wp-content\/uploads\/2023\/05\/Grotesque-2-2048x1436-1-1024x718.jpg 1024w, https:\/\/sebastiantextiles.proyectowebs.com\/wp-content\/uploads\/2023\/05\/Grotesque-2-2048x1436-1-300x210.jpg 300w, https:\/\/sebastiantextiles.proyectowebs.com\/wp-content\/uploads\/2023\/05\/Grotesque-2-2048x1436-1-768x539.jpg 768w, https:\/\/sebastiantextiles.proyectowebs.com\/wp-content\/uploads\/2023\/05\/Grotesque-2-2048x1436-1-1536x1077.jpg 1536w, https:\/\/sebastiantextiles.proyectowebs.com\/wp-content\/uploads\/2023\/05\/Grotesque-2-2048x1436-1-600x421.jpg 600w, https:\/\/sebastiantextiles.proyectowebs.com\/wp-content\/uploads\/2023\/05\/Grotesque-2-2048x1436-1.jpg 2048w\" sizes=\"auto, (max-width: 1024px) 100vw, 1024px\" \/><\/figure>\n\n\n\n<p class=\"wp-block-paragraph\">Extravaganza \u2013 Ungapatchka \u2013 Nasty \u2013 Hopeless &#8211; Hysteria<\/p>\n\n\n\n<p class=\"wp-block-paragraph\">(Extravagancia &#8211; Kisch sobre Kisch &#8211; El valor de lo obsceno &#8211; La p\u00e9rdida de la esperanza &#8211; P\u00e1nico exuberante)<\/p>\n\n\n\n<p class=\"wp-block-paragraph\">El escenario que surge de esta era decadente puede definirse por la cursiler\u00eda recargada que nos aboca al kitsh, tanto en lo est\u00e9tico como en nuestras formas de pensamiento. La extravagancia de nuestras maneras de actuar se presenta como la reacci\u00f3n a la carencia y los desequilibrios emocionales de esta \u00e9poca pospand\u00e9mica. Adem\u00e1s, nos conduce a una p\u00e9rdida de criterio propio y a la asunci\u00f3n de la mediocridad como forma de expresi\u00f3n cultural basada en el uso de la apariencia o de la ret\u00f3rica visual.<\/p>\n\n\n\n<p class=\"wp-block-paragraph\">Esta propuesta se inicia con el juego crom\u00e1tico y los elementos simb\u00f3licos que definen a los estereotipos socioculturales espa\u00f1oles. Desde una perspectiva ir\u00f3nica, utilizamos el rojo intenso, representado en tejido de terciopelo, como sin\u00f3nimo de pasi\u00f3n y ostentaci\u00f3n. La fuerza del relato populista y extravagante reside, as\u00ed mismo, en el uso de materiales dorados que se complementa con la sensualidad transmitida por el granate y el naranja brillante. La mezcla de dorado y blanco nos habla de exuberancia que se neutraliza con la sofisticaci\u00f3n del gris azulado y la elegancia del negro. La propuesta acaba con un blanco roto conformado en tejido bordado que completa esta idea de exceso.<\/p>\n\n\n<style>.kb-row-layout-id_c0149b-20 > .kt-row-column-wrap{align-content:center;}:where(.kb-row-layout-id_c0149b-20 > .kt-row-column-wrap) > .wp-block-kadence-column{justify-content:center;}.kb-row-layout-id_c0149b-20 > .kt-row-column-wrap{column-gap:var(--global-kb-gap-md, 2rem);row-gap:var(--global-kb-gap-md, 2rem);padding-top:var(--global-kb-spacing-sm, 1.5rem);padding-bottom:var(--global-kb-spacing-sm, 1.5rem);grid-template-columns:minmax(0, 1fr) minmax(0, 2fr);}.kb-row-layout-id_c0149b-20 > .kt-row-layout-overlay{opacity:0.30;}@media all and (max-width: 1024px){.kb-row-layout-id_c0149b-20 > .kt-row-column-wrap{grid-template-columns:minmax(0, 1fr) minmax(0, 2fr);}}@media all and (max-width: 767px){.kb-row-layout-id_c0149b-20 > .kt-row-column-wrap{grid-template-columns:minmax(0, 1fr);}}<\/style><div class=\"kb-row-layout-wrap kb-row-layout-id_c0149b-20 alignnone wp-block-kadence-rowlayout\"><div class=\"kt-row-column-wrap kt-has-2-columns kt-row-layout-right-golden kt-tab-layout-inherit kt-mobile-layout-row kt-row-valign-middle\">\n<style>.kadence-column_caac9f-cc > .kt-inside-inner-col,.kadence-column_caac9f-cc > .kt-inside-inner-col:before{border-top-left-radius:0px;border-top-right-radius:0px;border-bottom-right-radius:0px;border-bottom-left-radius:0px;}.kadence-column_caac9f-cc > .kt-inside-inner-col{column-gap:var(--global-kb-gap-sm, 1rem);}.kadence-column_caac9f-cc > .kt-inside-inner-col{flex-direction:column;}.kadence-column_caac9f-cc > .kt-inside-inner-col > .aligncenter{width:100%;}.kadence-column_caac9f-cc > .kt-inside-inner-col:before{opacity:0.3;}.kadence-column_caac9f-cc{position:relative;}@media all and (max-width: 1024px){.kadence-column_caac9f-cc > .kt-inside-inner-col{flex-direction:column;justify-content:center;}}@media all and (max-width: 767px){.kadence-column_caac9f-cc > .kt-inside-inner-col{flex-direction:column;justify-content:center;}}<\/style>\n<div class=\"wp-block-kadence-column kadence-column_caac9f-cc\"><div class=\"kt-inside-inner-col\">\n<figure class=\"wp-block-image\"><img decoding=\"async\" src=\"https:\/\/sebastiantextiles.com\/wp-content\/uploads\/2021\/04\/Encarna-300x293.jpg\" alt=\"Encarna Ruiz Molina\" class=\"wp-image-6427\"\/><\/figure>\n\n\n\n<figure class=\"wp-block-image\"><img decoding=\"async\" src=\"https:\/\/sebastiantextiles.com\/wp-content\/uploads\/2021\/04\/2.png\" alt=\"ESDI\" class=\"wp-image-6427\"\/><\/figure>\n<\/div><\/div>\n\n\n<style>.kadence-column_f27709-a5 > .kt-inside-inner-col,.kadence-column_f27709-a5 > .kt-inside-inner-col:before{border-top-left-radius:0px;border-top-right-radius:0px;border-bottom-right-radius:0px;border-bottom-left-radius:0px;}.kadence-column_f27709-a5 > .kt-inside-inner-col{column-gap:var(--global-kb-gap-sm, 1rem);}.kadence-column_f27709-a5 > .kt-inside-inner-col{flex-direction:column;}.kadence-column_f27709-a5 > .kt-inside-inner-col > .aligncenter{width:100%;}.kadence-column_f27709-a5 > .kt-inside-inner-col:before{opacity:0.3;}.kadence-column_f27709-a5{position:relative;}@media all and (max-width: 1024px){.kadence-column_f27709-a5 > .kt-inside-inner-col{flex-direction:column;justify-content:center;}}@media all and (max-width: 767px){.kadence-column_f27709-a5 > .kt-inside-inner-col{flex-direction:column;justify-content:center;}}<\/style>\n<div class=\"wp-block-kadence-column kadence-column_f27709-a5\"><div class=\"kt-inside-inner-col\">\n<p class=\"wp-block-paragraph\"><strong>Doctora Encarna Ruiz Molina<\/strong><br><strong>Directora del Departamento Universitario de Teor\u00eda y An\u00e1lisis del Dise\u00f1o<\/strong><br><strong>ESDi- Universitat Ramon Llull<\/strong><\/p>\n<\/div><\/div>\n\n<\/div><\/div>","protected":false},"excerpt":{"rendered":"<p>Esta edad oscura no tiene barras de hierro, cadenas o candados. En su lugar, domina la desorientaci\u00f3n y se construye en la desinformaci\u00f3<\/p>\n","protected":false},"author":6,"featured_media":22240,"comment_status":"closed","ping_status":"closed","sticky":false,"template":"","format":"standard","meta":{"_acf_changed":false,"_kad_blocks_custom_css":"","_kad_blocks_head_custom_js":"","_kad_blocks_body_custom_js":"","_kad_blocks_footer_custom_js":"","_kad_post_transparent":"","_kad_post_title":"","_kad_post_layout":"","_kad_post_sidebar_id":"","_kad_post_content_style":"","_kad_post_vertical_padding":"","_kad_post_feature":"","_kad_post_feature_position":"","_kad_post_header":false,"_kad_post_footer":false,"footnotes":""},"categories":[1],"tags":[],"class_list":["post-13621","post","type-post","status-publish","format-standard","has-post-thumbnail","hentry","category-sin-categorizar"],"acf":[],"taxonomy_info":{"category":[{"value":1,"label":"News"}]},"featured_image_src_large":["https:\/\/sebastiantextiles.proyectowebs.com\/wp-content\/uploads\/2021\/12\/Diseno-sin-titulo-6-1.png",850,500,false],"author_info":{"display_name":"Mar Cano","author_link":"https:\/\/sebastiantextiles.proyectowebs.com\/en\/author\/infosebastiantextiles-com\/"},"comment_info":0,"category_info":[{"term_id":1,"name":"News","slug":"sin-categorizar","term_group":0,"term_taxonomy_id":1,"taxonomy":"category","description":"","parent":0,"count":22,"filter":"raw","cat_ID":1,"category_count":22,"category_description":"","cat_name":"News","category_nicename":"sin-categorizar","category_parent":0}],"tag_info":false,"_links":{"self":[{"href":"https:\/\/sebastiantextiles.proyectowebs.com\/en\/wp-json\/wp\/v2\/posts\/13621","targetHints":{"allow":["GET"]}}],"collection":[{"href":"https:\/\/sebastiantextiles.proyectowebs.com\/en\/wp-json\/wp\/v2\/posts"}],"about":[{"href":"https:\/\/sebastiantextiles.proyectowebs.com\/en\/wp-json\/wp\/v2\/types\/post"}],"author":[{"embeddable":true,"href":"https:\/\/sebastiantextiles.proyectowebs.com\/en\/wp-json\/wp\/v2\/users\/6"}],"replies":[{"embeddable":true,"href":"https:\/\/sebastiantextiles.proyectowebs.com\/en\/wp-json\/wp\/v2\/comments?post=13621"}],"version-history":[{"count":0,"href":"https:\/\/sebastiantextiles.proyectowebs.com\/en\/wp-json\/wp\/v2\/posts\/13621\/revisions"}],"wp:featuredmedia":[{"embeddable":true,"href":"https:\/\/sebastiantextiles.proyectowebs.com\/en\/wp-json\/wp\/v2\/media\/22240"}],"wp:attachment":[{"href":"https:\/\/sebastiantextiles.proyectowebs.com\/en\/wp-json\/wp\/v2\/media?parent=13621"}],"wp:term":[{"taxonomy":"category","embeddable":true,"href":"https:\/\/sebastiantextiles.proyectowebs.com\/en\/wp-json\/wp\/v2\/categories?post=13621"},{"taxonomy":"post_tag","embeddable":true,"href":"https:\/\/sebastiantextiles.proyectowebs.com\/en\/wp-json\/wp\/v2\/tags?post=13621"}],"curies":[{"name":"wp","href":"https:\/\/api.w.org\/{rel}","templated":true}]}}