{"id":13748,"date":"2022-01-11T12:54:01","date_gmt":"2022-01-11T11:54:01","guid":{"rendered":"https:\/\/sebastiantextiles.com\/?p=13748"},"modified":"2023-05-23T08:56:07","modified_gmt":"2023-05-23T08:56:07","slug":"la-linea-fuerza-por-rosa-cano","status":"publish","type":"post","link":"https:\/\/sebastiantextiles.proyectowebs.com\/en\/la-linea-fuerza-por-rosa-cano\/","title":{"rendered":"&#8220;La L\u00ednea Fuerza&#8221; por Rosa Cano"},"content":{"rendered":"\n<p class=\"wp-block-paragraph\">Rosa Cano Marsinyach es graduada en Dise\u00f1o de Moda por la Escuela Superior de Dise\u00f1o ESDi, centro adscrito a la Universitat Ramon Llull. Su proyecto final de grado, \u201cLa L\u00ednea Fuerza\u201d (Presentado en 2020), obtuvo una calificaci\u00f3n de 9,5 excelente y define lo que ha sido su trayectoria acad\u00e9mica, caracterizada por su inter\u00e9s en la investigaci\u00f3n de vol\u00famenes y en el desarrollo conceptual. En la actualidad trabaja como dise\u00f1adora independiente para la empresa Augusto Bellini SL. Paralelamente, sigue form\u00e1ndose en el campo del patronaje y sastrer\u00eda\/modister\u00eda cl\u00e1sica en el estudio <em>Como Cubrir un Cuerpo<\/em> de Jorge Bernaus Llahi\u0301.<\/p>\n\n\n\n<p class=\"wp-block-paragraph\"><strong><em>L\u00ednea Fuerza<\/em><\/strong><\/p>\n\n\n\n<p class=\"wp-block-paragraph\">\u201cLa l\u00ednea es una fuerza, es decir, sentimos las l\u00edneas que definen la configuraci\u00f3n de los objetos la manifestaci\u00f3n de la vitalidad que les atribuimos o, en \u00faltimo t\u00e9rmino, de nuestra propia vida objetivada en ellos. A partir de ah\u00ed\u0301, el trabajo art\u00edstico debe consistir en la afirmaci\u00f3n de esa fuerza vital mediante la explicitaci\u00f3n de las l\u00edneas -la fuerza, su acentuaci\u00f3n y distinci\u00f3n-. Por eso el ornamento surge de la forma originaria y esta\u0301 indisolublemente ligado a ella. \u201c<\/p>\n\n\n\n<p class=\"wp-block-paragraph\"><strong>&nbsp;<\/strong><strong>Henry Van de Velde<\/strong><\/p>\n\n\n\n<p class=\"wp-block-paragraph\"><strong>&nbsp;<em>F\u00f3rmulas de la belleza arquitect\u00f3nica moderna: La l\u00ednea es una fuerza<\/em><\/strong><\/p>\n\n\n\n<p class=\"wp-block-paragraph\">Las personas estamos configuradas por el conjunto de varias l\u00edneas fuerzas, cada una con una naturaleza determinada que hacen que todo funcione como un perfecto engranaje. Si una de ellas falla, entonces la fuerza interior se ve alterada. Cuando esto pasa, se alteran diversas \u00e1reas de los hemisferios que trabajan sin ning\u00fan tipo de control y entonces suceden una serie de cambios que afectan a nuestras funciones y reacciones habituales. Una de ellas es nuestra gesti\u00f3n emocional. Es en este momento cuando pasamos a ser personas con emociones incontroladas, m\u00e1s concretamente derivadas por el TDAH, con unas ganas locas de sacar hacia fuera todo aquello interior que se encierra dentro de nosotros.<\/p>\n\n\n\n<p class=\"wp-block-paragraph\">En definitiva, \u201cL\u00ednea fuerza\u201d habla de un concepto monocrom\u00e1tico, ca\u00f3tico y personal, donde las emociones incontroladas se encuentran te\u00f1idas de color rosa, lo que permite hacer una interpretaci\u00f3n on\u00edrica e ir\u00f3nica de la realidad exterior de color gris en la que vivimos. As\u00ed ocultamos una situaci\u00f3n hostil y horrible con un entorno rosa, cursi y humor\u00edstico. De este modo, se juega con los diferentes matices del mismo color y texturas, donde la \u201cl\u00ednea fuerza\u201d est\u00e1 materializada de varias maneras, ya sea mediante elementos gr\u00e1ficos o estructuras de patronaje. A pesar de que est\u00e9ticamente trata la idea de la persona cerrada, con piezas que dificultan la movilidad de la persona, no deja de ser una progresi\u00f3n de c\u00f3mo estas emociones incontrolables derivadas del cierre, metaf\u00f3rico y de esta acumulaci\u00f3n de ellas, acaban generando un caos absoluto donde la \u201cl\u00ednea fuerza\u201d interior de la persona acaba dominando sobre \u00e9sta.<\/p>\n\n\n\n<figure class=\"wp-block-image size-large is-resized\"><img decoding=\"async\" src=\"https:\/\/sebastiantextiles.proyectowebs.com\/wp-content\/uploads\/2023\/05\/Fotocoleccion1-scaled-1-686x1024.jpg\" alt=\"\" class=\"wp-image-22246\" width=\"730\" srcset=\"https:\/\/sebastiantextiles.proyectowebs.com\/wp-content\/uploads\/2023\/05\/Fotocoleccion1-scaled-1-686x1024.jpg 686w, https:\/\/sebastiantextiles.proyectowebs.com\/wp-content\/uploads\/2023\/05\/Fotocoleccion1-scaled-1-201x300.jpg 201w, https:\/\/sebastiantextiles.proyectowebs.com\/wp-content\/uploads\/2023\/05\/Fotocoleccion1-scaled-1-768x1146.jpg 768w, https:\/\/sebastiantextiles.proyectowebs.com\/wp-content\/uploads\/2023\/05\/Fotocoleccion1-scaled-1-1029x1536.jpg 1029w, https:\/\/sebastiantextiles.proyectowebs.com\/wp-content\/uploads\/2023\/05\/Fotocoleccion1-scaled-1-1372x2048.jpg 1372w, https:\/\/sebastiantextiles.proyectowebs.com\/wp-content\/uploads\/2023\/05\/Fotocoleccion1-scaled-1-600x896.jpg 600w, https:\/\/sebastiantextiles.proyectowebs.com\/wp-content\/uploads\/2023\/05\/Fotocoleccion1-scaled-1.jpg 1715w\" sizes=\"(max-width: 686px) 100vw, 686px\" \/><\/figure>\n\n\n\n<figure class=\"wp-block-image size-large is-resized\"><img decoding=\"async\" src=\"https:\/\/sebastiantextiles.proyectowebs.com\/wp-content\/uploads\/2023\/05\/FOTO-TAMANY-REDUIT-2-724x1024.png\" alt=\"\" class=\"wp-image-22248\" width=\"730\" srcset=\"https:\/\/sebastiantextiles.proyectowebs.com\/wp-content\/uploads\/2023\/05\/FOTO-TAMANY-REDUIT-2-724x1024.png 724w, https:\/\/sebastiantextiles.proyectowebs.com\/wp-content\/uploads\/2023\/05\/FOTO-TAMANY-REDUIT-2-212x300.png 212w, https:\/\/sebastiantextiles.proyectowebs.com\/wp-content\/uploads\/2023\/05\/FOTO-TAMANY-REDUIT-2-768x1087.png 768w, https:\/\/sebastiantextiles.proyectowebs.com\/wp-content\/uploads\/2023\/05\/FOTO-TAMANY-REDUIT-2-1086x1536.png 1086w, https:\/\/sebastiantextiles.proyectowebs.com\/wp-content\/uploads\/2023\/05\/FOTO-TAMANY-REDUIT-2-600x849.png 600w, https:\/\/sebastiantextiles.proyectowebs.com\/wp-content\/uploads\/2023\/05\/FOTO-TAMANY-REDUIT-2.png 1217w\" sizes=\"(max-width: 724px) 100vw, 724px\" \/><\/figure>\n\n\n\n<figure class=\"wp-block-image size-large is-resized\"><img decoding=\"async\" src=\"https:\/\/sebastiantextiles.proyectowebs.com\/wp-content\/uploads\/2023\/05\/Fotocoleccion2-scaled-1-686x1024.jpg\" alt=\"\" class=\"wp-image-22249\" width=\"730\" srcset=\"https:\/\/sebastiantextiles.proyectowebs.com\/wp-content\/uploads\/2023\/05\/Fotocoleccion2-scaled-1-686x1024.jpg 686w, https:\/\/sebastiantextiles.proyectowebs.com\/wp-content\/uploads\/2023\/05\/Fotocoleccion2-scaled-1-201x300.jpg 201w, https:\/\/sebastiantextiles.proyectowebs.com\/wp-content\/uploads\/2023\/05\/Fotocoleccion2-scaled-1-768x1146.jpg 768w, https:\/\/sebastiantextiles.proyectowebs.com\/wp-content\/uploads\/2023\/05\/Fotocoleccion2-scaled-1-1029x1536.jpg 1029w, https:\/\/sebastiantextiles.proyectowebs.com\/wp-content\/uploads\/2023\/05\/Fotocoleccion2-scaled-1-1372x2048.jpg 1372w, https:\/\/sebastiantextiles.proyectowebs.com\/wp-content\/uploads\/2023\/05\/Fotocoleccion2-scaled-1-600x896.jpg 600w, https:\/\/sebastiantextiles.proyectowebs.com\/wp-content\/uploads\/2023\/05\/Fotocoleccion2-scaled-1.jpg 1715w\" sizes=\"(max-width: 686px) 100vw, 686px\" \/><\/figure>\n\n\n\n<figure class=\"wp-block-image size-large is-resized\"><img decoding=\"async\" src=\"https:\/\/sebastiantextiles.proyectowebs.com\/wp-content\/uploads\/2023\/05\/Fotocoleccion4-scaled-1-686x1024.jpg\" alt=\"\" class=\"wp-image-22250\" width=\"730\" srcset=\"https:\/\/sebastiantextiles.proyectowebs.com\/wp-content\/uploads\/2023\/05\/Fotocoleccion4-scaled-1-686x1024.jpg 686w, https:\/\/sebastiantextiles.proyectowebs.com\/wp-content\/uploads\/2023\/05\/Fotocoleccion4-scaled-1-201x300.jpg 201w, https:\/\/sebastiantextiles.proyectowebs.com\/wp-content\/uploads\/2023\/05\/Fotocoleccion4-scaled-1-768x1146.jpg 768w, https:\/\/sebastiantextiles.proyectowebs.com\/wp-content\/uploads\/2023\/05\/Fotocoleccion4-scaled-1-1029x1536.jpg 1029w, https:\/\/sebastiantextiles.proyectowebs.com\/wp-content\/uploads\/2023\/05\/Fotocoleccion4-scaled-1-1372x2048.jpg 1372w, https:\/\/sebastiantextiles.proyectowebs.com\/wp-content\/uploads\/2023\/05\/Fotocoleccion4-scaled-1-600x896.jpg 600w, https:\/\/sebastiantextiles.proyectowebs.com\/wp-content\/uploads\/2023\/05\/Fotocoleccion4-scaled-1.jpg 1715w\" sizes=\"(max-width: 686px) 100vw, 686px\" \/><\/figure>\n","protected":false},"excerpt":{"rendered":"<p>Rosa Cano Marsinyach es graduada en Dise\u00f1o de Moda por la Escuela Superior de Dise\u00f1o ESDi. Su proyecto final de grado, \u201cLa L\u00ednea Fuerza\u201d (Presentado en 2020), obtuvo una calificaci\u00f3n de 9,5 excelente.<\/p>\n","protected":false},"author":6,"featured_media":22245,"comment_status":"closed","ping_status":"closed","sticky":false,"template":"","format":"standard","meta":{"_acf_changed":false,"_kad_blocks_custom_css":"","_kad_blocks_head_custom_js":"","_kad_blocks_body_custom_js":"","_kad_blocks_footer_custom_js":"","_kad_post_transparent":"","_kad_post_title":"","_kad_post_layout":"","_kad_post_sidebar_id":"","_kad_post_content_style":"","_kad_post_vertical_padding":"","_kad_post_feature":"","_kad_post_feature_position":"","_kad_post_header":false,"_kad_post_footer":false,"footnotes":""},"categories":[1],"tags":[],"class_list":["post-13748","post","type-post","status-publish","format-standard","has-post-thumbnail","hentry","category-sin-categorizar"],"acf":[],"taxonomy_info":{"category":[{"value":1,"label":"News"}]},"featured_image_src_large":["https:\/\/sebastiantextiles.proyectowebs.com\/wp-content\/uploads\/2022\/01\/Diseno-sin-titulo-10-1.png",850,500,false],"author_info":{"display_name":"Mar Cano","author_link":"https:\/\/sebastiantextiles.proyectowebs.com\/en\/author\/infosebastiantextiles-com\/"},"comment_info":0,"category_info":[{"term_id":1,"name":"News","slug":"sin-categorizar","term_group":0,"term_taxonomy_id":1,"taxonomy":"category","description":"","parent":0,"count":22,"filter":"raw","cat_ID":1,"category_count":22,"category_description":"","cat_name":"News","category_nicename":"sin-categorizar","category_parent":0}],"tag_info":false,"_links":{"self":[{"href":"https:\/\/sebastiantextiles.proyectowebs.com\/en\/wp-json\/wp\/v2\/posts\/13748","targetHints":{"allow":["GET"]}}],"collection":[{"href":"https:\/\/sebastiantextiles.proyectowebs.com\/en\/wp-json\/wp\/v2\/posts"}],"about":[{"href":"https:\/\/sebastiantextiles.proyectowebs.com\/en\/wp-json\/wp\/v2\/types\/post"}],"author":[{"embeddable":true,"href":"https:\/\/sebastiantextiles.proyectowebs.com\/en\/wp-json\/wp\/v2\/users\/6"}],"replies":[{"embeddable":true,"href":"https:\/\/sebastiantextiles.proyectowebs.com\/en\/wp-json\/wp\/v2\/comments?post=13748"}],"version-history":[{"count":0,"href":"https:\/\/sebastiantextiles.proyectowebs.com\/en\/wp-json\/wp\/v2\/posts\/13748\/revisions"}],"wp:featuredmedia":[{"embeddable":true,"href":"https:\/\/sebastiantextiles.proyectowebs.com\/en\/wp-json\/wp\/v2\/media\/22245"}],"wp:attachment":[{"href":"https:\/\/sebastiantextiles.proyectowebs.com\/en\/wp-json\/wp\/v2\/media?parent=13748"}],"wp:term":[{"taxonomy":"category","embeddable":true,"href":"https:\/\/sebastiantextiles.proyectowebs.com\/en\/wp-json\/wp\/v2\/categories?post=13748"},{"taxonomy":"post_tag","embeddable":true,"href":"https:\/\/sebastiantextiles.proyectowebs.com\/en\/wp-json\/wp\/v2\/tags?post=13748"}],"curies":[{"name":"wp","href":"https:\/\/api.w.org\/{rel}","templated":true}]}}