{"id":13876,"date":"2022-01-31T13:17:30","date_gmt":"2022-01-31T11:17:30","guid":{"rendered":"https:\/\/sebastiantextiles.com\/?p=13876"},"modified":"2023-05-23T08:50:47","modified_gmt":"2023-05-23T08:50:47","slug":"restrained-por-julia-cabus","status":"publish","type":"post","link":"https:\/\/sebastiantextiles.proyectowebs.com\/en\/restrained-por-julia-cabus\/","title":{"rendered":"&#8220;(Re)strained&#8221; por J\u00falia Cab\u00fas Garc\u00eda"},"content":{"rendered":"\n<p class=\"wp-block-paragraph\">La Literatura, igual que el resto de las artes, siempre ha sido el reflejo de las inquietudes y las angustias del hombre, de sus creencias, de los acontecimientos hist\u00f3ricos y de lo que sucede en el \u00e1mbito social contempor\u00e1neo o futuro. El inter\u00e9s del hombre por narrar lo que sucede, a trav\u00e9s del uso de la palabra escrito u oral, y de hacer llegar esas expectativas a otros hombres ha supuesto un elemento clave para el progreso de la Humanidad. Adem\u00e1s, el uso de la est\u00e9tica en la literatura ha ayudado a generar en los lectores el placer por las narraciones que les conduce a lugares y tiempos inimaginables. Pero si por algo destaca la Literatura como arte es porque ha sido capaz de representar aquellos aspectos sociales que caracterizan a una \u00e9poca determinada y de convertirse en herramienta fundamental para la denuncia Social.<\/p>\n\n\n\n<p class=\"wp-block-paragraph\">El G\u00f3tico como corriente literaria no naci\u00f3 con voluntad de denuncia, pero la marginalidad que representaba, el suspense y la propensi\u00f3n a lo macabro lo hicieron ideal para mostrar las crudas e injustas realidades que viv\u00eda la sociedad de la \u00e9poca. Adem\u00e1s, los literatos mostraban a menudo en sus narraciones las carencias, los prejuicios y las heridas que defin\u00edan a esta \u00e9poca convulsa de la Historia. Las obras literarias de este periodo muestran las dificultades sociales de una forma cruda y singular y hace que el lector no sea indiferente a los acontecimientos del momento.<\/p>\n\n\n\n<p class=\"wp-block-paragraph\">Aunque el g\u00e9nero naci\u00f3 en Europa, el Nuevo Continente lo perfeccion\u00f3 con exponentes tales como Edgar Allan Poe, en quien nos centraremos por su visi\u00f3n y obra, muy propias de la cultura estadounidense del siglo XIX. Sus ideas conservadoras, su concepci\u00f3n puritana del ser humano y del mundo, su vida desgraciada y sus textos truculentos son el ejemplo perfecto de un escritor atormentado, cuyas obras quedan al servicio del p\u00fablico y la moral del pueblo.<\/p>\n\n\n\n<p class=\"wp-block-paragraph\">La premisa del presente proyecto se basa en que los temas tratados en el G\u00f3tico Americano y las opiniones sobre ellos son parecidos a los de los EEUU actuales. En los \u00faltimos a\u00f1os hemos asistido a la radicalizaci\u00f3n de la Naci\u00f3n de la Libertad y en 2021 a\u00fan vemos sus trazas en las pol\u00edticas y discriminaciones. Mediante la investigaci\u00f3n y el an\u00e1lisis del pasado y el presente del pa\u00eds hemos decidido analizar y establecer un paralelismo entre ambas \u00e9pocas. Para conseguirlo, investigaremos la historia y las obras, especialmente de Poe pero tambi\u00e9n de otros autores del G\u00f3tico Americano, interpret\u00e1ndolas para extraer el pensamiento del momento. Como segunda parte, ahondaremos en las pol\u00edticas m\u00e1s tradicionalistas de la Am\u00e9rica del siglo XXI, las impuestas por el ya expresidente Donald Trump y todos sus votantes. As\u00ed pues, trataremos de extraer puntos comunes para poder crear un universo conceptual con su propio lenguaje est\u00e9tico que sea capaz de transmitir, mediante una colecci\u00f3n de moda, nuestras propias conclusiones.<\/p>\n\n\n\n<p class=\"wp-block-paragraph\">A partir de este an\u00e1lisis, hemos desarrollado nuestra propuesta de colecci\u00f3n que se basa en tres conceptos principales: el vac\u00edo, lo envolvente y lo atrapado. Bajo estas premisas hemos dise\u00f1ado quince <em>en los que el <\/em>G\u00f3tico Americano ha sido un referente est\u00e9tico y conceptual clave. As\u00ed, nos hemos servido de sus t\u00e9cnicas de creaci\u00f3n de efecto para aplicarlas tanto en el <em>sketchbook <\/em>como en los dise\u00f1os.<\/p>\n\n\n\n<p class=\"wp-block-paragraph\">El resultado es una colecci\u00f3n de oto\u00f1o-invierno, monocrom\u00e1tica, de color negro, una tonalidad que casa perfectamente con la est\u00e9tica y la idea a transmitir, recuperando la idea del \u201cmonstruo\u201d como algo que invade, las prendas engullen a quien las lleva y las sume en la oscuridad. Mediante tejidos gruesos y texturas aparentes mostramos los efectos de la opresi\u00f3n, el dolor, la desesperaci\u00f3n y el ciclo, todos elementos b\u00e1sicos de este proyecto. As\u00ed pues, y con el objetivo de plasmarlos lo mejor posible, los largos llegan hasta bajo la rodilla o los tobillos, prendas gruesas y que cubren la totalidad del cuerpo, pero que a su vez dejan intuirlo gracias al uso del vual en un juego de sombras e intuiciones, apelando a la sensualidad velada propia del G\u00f3tico. Pero las combinaciones de tejido no se limitan al vual, muchas de las prendas se conforman de dos materiales distintos, mostrando la disparidad y lo heterog\u00e9neo de una sociedad que trata de ofrecer una visi\u00f3n de unidad que no es real. Por esta raz\u00f3n, las costuras destacan, para mostrar una brecha insalvable. Los cierres son aparentes y se basan en tiras que envuelven el cuerpo y lo aprisionan en una referencia al ciclo temporal del que no podemos escapar. Con la misma intenci\u00f3n estas tiras se abrochan al rev\u00e9s, para dificultar la entrada y salida de las prendas; se superponen capas, los cuellos son altos y estrechos y los vol\u00famenes anchos. Aunque abundan las prendas rectas y las manipulaciones geom\u00e9tricas, aparecen elementos redondeados que aportan contraste, la vulnerabilidad respecto a la dureza. Cada dise\u00f1o muestra las experiencias y emociones que nos ha transmitido la realizaci\u00f3n de este proyecto te\u00f3rico. El objetivo es una colecci\u00f3n asfixiante e inquietante, que cause la incomodidad sin llegar al horror, bas\u00e1ndonos en la sugesti\u00f3n, que hagan que tanto el usuario como el espectador experimenten la desigualdad, la obstaculizaci\u00f3n y la violencia pasadas, presentes y futura.<\/p>\n\n\n\n<p class=\"wp-block-paragraph\"><strong>J\u00falia Cab\u00fas Garcia<\/strong><\/p>\n\n\n\n<p class=\"wp-block-paragraph\"><strong>Graduada en ESDi, septiembre de 2021<\/strong><\/p>\n\n\n\n<figure class=\"wp-block-image size-large\"><img loading=\"lazy\" decoding=\"async\" width=\"1024\" height=\"683\" src=\"https:\/\/sebastiantextiles.proyectowebs.com\/wp-content\/uploads\/2023\/05\/Foto1_proyecto-1-2048x1365-1-1024x683.jpg\" alt=\"\" class=\"wp-image-22253\" srcset=\"https:\/\/sebastiantextiles.proyectowebs.com\/wp-content\/uploads\/2023\/05\/Foto1_proyecto-1-2048x1365-1-1024x683.jpg 1024w, https:\/\/sebastiantextiles.proyectowebs.com\/wp-content\/uploads\/2023\/05\/Foto1_proyecto-1-2048x1365-1-300x200.jpg 300w, https:\/\/sebastiantextiles.proyectowebs.com\/wp-content\/uploads\/2023\/05\/Foto1_proyecto-1-2048x1365-1-768x512.jpg 768w, https:\/\/sebastiantextiles.proyectowebs.com\/wp-content\/uploads\/2023\/05\/Foto1_proyecto-1-2048x1365-1-1536x1024.jpg 1536w, https:\/\/sebastiantextiles.proyectowebs.com\/wp-content\/uploads\/2023\/05\/Foto1_proyecto-1-2048x1365-1-600x400.jpg 600w, https:\/\/sebastiantextiles.proyectowebs.com\/wp-content\/uploads\/2023\/05\/Foto1_proyecto-1-2048x1365-1.jpg 2048w\" sizes=\"auto, (max-width: 1024px) 100vw, 1024px\" \/><\/figure>\n\n\n\n<figure class=\"wp-block-image size-large is-resized\"><img decoding=\"async\" src=\"https:\/\/sebastiantextiles.proyectowebs.com\/wp-content\/uploads\/2023\/05\/Foto2_proyecto-scaled-1-683x1024.jpg\" alt=\"\" class=\"wp-image-22255\" width=\"1024\" srcset=\"https:\/\/sebastiantextiles.proyectowebs.com\/wp-content\/uploads\/2023\/05\/Foto2_proyecto-scaled-1-683x1024.jpg 683w, https:\/\/sebastiantextiles.proyectowebs.com\/wp-content\/uploads\/2023\/05\/Foto2_proyecto-scaled-1-200x300.jpg 200w, https:\/\/sebastiantextiles.proyectowebs.com\/wp-content\/uploads\/2023\/05\/Foto2_proyecto-scaled-1-768x1152.jpg 768w, https:\/\/sebastiantextiles.proyectowebs.com\/wp-content\/uploads\/2023\/05\/Foto2_proyecto-scaled-1-1024x1536.jpg 1024w, https:\/\/sebastiantextiles.proyectowebs.com\/wp-content\/uploads\/2023\/05\/Foto2_proyecto-scaled-1-1366x2048.jpg 1366w, https:\/\/sebastiantextiles.proyectowebs.com\/wp-content\/uploads\/2023\/05\/Foto2_proyecto-scaled-1-600x900.jpg 600w, https:\/\/sebastiantextiles.proyectowebs.com\/wp-content\/uploads\/2023\/05\/Foto2_proyecto-scaled-1.jpg 1707w\" sizes=\"(max-width: 683px) 100vw, 683px\" \/><\/figure>\n\n\n\n<figure class=\"wp-block-image size-large\"><img loading=\"lazy\" decoding=\"async\" width=\"1024\" height=\"683\" src=\"https:\/\/sebastiantextiles.proyectowebs.com\/wp-content\/uploads\/2023\/05\/Foto3_proyecto-1-2048x1365-1-1024x683.jpg\" alt=\"\" class=\"wp-image-22256\" srcset=\"https:\/\/sebastiantextiles.proyectowebs.com\/wp-content\/uploads\/2023\/05\/Foto3_proyecto-1-2048x1365-1-1024x683.jpg 1024w, https:\/\/sebastiantextiles.proyectowebs.com\/wp-content\/uploads\/2023\/05\/Foto3_proyecto-1-2048x1365-1-300x200.jpg 300w, https:\/\/sebastiantextiles.proyectowebs.com\/wp-content\/uploads\/2023\/05\/Foto3_proyecto-1-2048x1365-1-768x512.jpg 768w, https:\/\/sebastiantextiles.proyectowebs.com\/wp-content\/uploads\/2023\/05\/Foto3_proyecto-1-2048x1365-1-1536x1024.jpg 1536w, https:\/\/sebastiantextiles.proyectowebs.com\/wp-content\/uploads\/2023\/05\/Foto3_proyecto-1-2048x1365-1-600x400.jpg 600w, https:\/\/sebastiantextiles.proyectowebs.com\/wp-content\/uploads\/2023\/05\/Foto3_proyecto-1-2048x1365-1.jpg 2048w\" sizes=\"auto, (max-width: 1024px) 100vw, 1024px\" \/><\/figure>\n","protected":false},"excerpt":{"rendered":"<p>La premisa del presente proyecto se basa en que los temas tratados en el G\u00f3tico Americano y las opiniones sobre ellos son parecidos a los de los EEUU actuales.<\/p>\n","protected":false},"author":6,"featured_media":22252,"comment_status":"closed","ping_status":"closed","sticky":false,"template":"","format":"standard","meta":{"_acf_changed":false,"_kad_blocks_custom_css":"","_kad_blocks_head_custom_js":"","_kad_blocks_body_custom_js":"","_kad_blocks_footer_custom_js":"","_kad_post_transparent":"","_kad_post_title":"","_kad_post_layout":"","_kad_post_sidebar_id":"","_kad_post_content_style":"","_kad_post_vertical_padding":"","_kad_post_feature":"","_kad_post_feature_position":"","_kad_post_header":false,"_kad_post_footer":false,"footnotes":""},"categories":[1],"tags":[],"class_list":["post-13876","post","type-post","status-publish","format-standard","has-post-thumbnail","hentry","category-sin-categorizar"],"acf":[],"taxonomy_info":{"category":[{"value":1,"label":"News"}]},"featured_image_src_large":["https:\/\/sebastiantextiles.proyectowebs.com\/wp-content\/uploads\/2022\/01\/Diseno-sin-titulo-13-1.png",850,500,false],"author_info":{"display_name":"Mar Cano","author_link":"https:\/\/sebastiantextiles.proyectowebs.com\/en\/author\/infosebastiantextiles-com\/"},"comment_info":0,"category_info":[{"term_id":1,"name":"News","slug":"sin-categorizar","term_group":0,"term_taxonomy_id":1,"taxonomy":"category","description":"","parent":0,"count":22,"filter":"raw","cat_ID":1,"category_count":22,"category_description":"","cat_name":"News","category_nicename":"sin-categorizar","category_parent":0}],"tag_info":false,"_links":{"self":[{"href":"https:\/\/sebastiantextiles.proyectowebs.com\/en\/wp-json\/wp\/v2\/posts\/13876","targetHints":{"allow":["GET"]}}],"collection":[{"href":"https:\/\/sebastiantextiles.proyectowebs.com\/en\/wp-json\/wp\/v2\/posts"}],"about":[{"href":"https:\/\/sebastiantextiles.proyectowebs.com\/en\/wp-json\/wp\/v2\/types\/post"}],"author":[{"embeddable":true,"href":"https:\/\/sebastiantextiles.proyectowebs.com\/en\/wp-json\/wp\/v2\/users\/6"}],"replies":[{"embeddable":true,"href":"https:\/\/sebastiantextiles.proyectowebs.com\/en\/wp-json\/wp\/v2\/comments?post=13876"}],"version-history":[{"count":0,"href":"https:\/\/sebastiantextiles.proyectowebs.com\/en\/wp-json\/wp\/v2\/posts\/13876\/revisions"}],"wp:featuredmedia":[{"embeddable":true,"href":"https:\/\/sebastiantextiles.proyectowebs.com\/en\/wp-json\/wp\/v2\/media\/22252"}],"wp:attachment":[{"href":"https:\/\/sebastiantextiles.proyectowebs.com\/en\/wp-json\/wp\/v2\/media?parent=13876"}],"wp:term":[{"taxonomy":"category","embeddable":true,"href":"https:\/\/sebastiantextiles.proyectowebs.com\/en\/wp-json\/wp\/v2\/categories?post=13876"},{"taxonomy":"post_tag","embeddable":true,"href":"https:\/\/sebastiantextiles.proyectowebs.com\/en\/wp-json\/wp\/v2\/tags?post=13876"}],"curies":[{"name":"wp","href":"https:\/\/api.w.org\/{rel}","templated":true}]}}