{"id":15262,"date":"2022-04-26T11:27:39","date_gmt":"2022-04-26T10:27:39","guid":{"rendered":"https:\/\/sebastiantextiles.com\/?p=15262"},"modified":"2023-05-23T08:59:29","modified_gmt":"2023-05-23T08:59:29","slug":"peripecia-por-ester-rodriguez","status":"publish","type":"post","link":"https:\/\/sebastiantextiles.proyectowebs.com\/en\/peripecia-por-ester-rodriguez\/","title":{"rendered":"&#8220;Peripecia&#8221; por Ester Rodr\u00edguez"},"content":{"rendered":"\n<p class=\"wp-block-paragraph\"><strong>Ester Rodr\u00edguez<\/strong> es dise\u00f1adora de Moda, graduada en 2021 en la Escola Superior de Disseny ESDi, centro adscrito a la Universidad Ramon Llull. Sus habilidades creativas y su capacidad de trabajo hacen que sea investigadora en Tendencias de ESDiColor_LAB, laboratorio de color que forma parte de la Asociaci\u00f3n Internacional del Color Intercolor y que act\u00faa como representante del Estado Espa\u00f1ol en esta organizaci\u00f3n. Su proyecto Final de Grado \u201cPeripecia\u201d ha ganado el premio del jurado a la mejor colecci\u00f3n en el Degree Fashion Show \u201cTransitando el espacio\u201d, celebrado por ESDi el 7 de abril de 2022 en Hangar, Barcelona.<\/p>\n\n\n\n<p class=\"wp-block-paragraph\"><strong><em>PERIPECIA<\/em><\/strong><\/p>\n\n\n\n<p class=\"wp-block-paragraph\">\u201cNo tenemos la pretensi\u00f3n de dar voz a nadie;<br>las personas con trastorno mental ya tenemos nuestra propia voz\u201d<\/p>\n\n\n\n<p class=\"wp-block-paragraph\"><strong><em>Estigma, <\/em><\/strong><strong>Edgar Vinyals<\/strong><\/p>\n\n\n\n<p class=\"wp-block-paragraph\">Peripecia trata el tema de la depresi\u00f3n, un trastorno mental que afecta a m\u00e1s del treinta por ciento de la poblaci\u00f3n. A partir del desarrollo de quince looks mostramos el proceso por el que pasa una persona que padece esta enfermedad, que se inicia en la p\u00e9rdida de la estabilidad mental y culmina con el de los sentimientos.<\/p>\n\n\n\n<p class=\"wp-block-paragraph\">El proyecto, pues, muestra una reflexi\u00f3n en torno a los trastornos mentales que, a pesar de estar muy presente en nuestros entornos sociales, no est\u00e1n ni normalizados ni son aceptados por el conjunto de la ciudadan\u00eda. As\u00ed, esta perspectiva nos permite abordar la salud mental desde el concepto de estigma, planteado por Edgar Vinyals, quien afirma que se trata de un paso indispensable que nos aboca hacia la discriminaci\u00f3n.<\/p>\n\n\n\n<p class=\"wp-block-paragraph\">Entendemos que la gente que padece alg\u00fan trastorno mental est\u00e1n totalmente expuestos a una socie\u00addad que por lo general no est\u00e1 preparada ni capacitada para tratarlos correctamente, ya sea por la educaci\u00f3n que han recibido o por el estigma al que estamos sometidos, que nos conduce al rechazo o la ocultaci\u00f3n. Las personas que padecen este tipo de enfermedades, tambi\u00e9n sufren auto estigmas ya que intenta ocultar a la comunidad las dificultades por las que atraviesan. Esta situaci\u00f3n hace que sea dif\u00edcil explicar c\u00f3mo se siente una persona que padece esta enfermedad mental:<\/p>\n\n\n\n<p class=\"wp-block-paragraph\">\u201cLa depresi\u00f3n se puede describir como el hecho de sentirse triste, melan\u00adc\u00f3lico, infeliz, abatido o derrumbado. La mayor\u00eda de nosotros se siente de esta manera de vez en cuando durante per\u00edodos cortos.<\/p>\n\n\n\n<p class=\"wp-block-paragraph\">La depresi\u00f3n cl\u00ednica es un trastorno del estado an\u00edmico en el cual los sentimientos de tristeza, p\u00e9rdida, ira o frustraci\u00f3n interfieren con la vida diaria durante un per\u00edodo de algunas semanas o m\u00e1s.\u201d<\/p>\n\n\n\n<p class=\"wp-block-paragraph\"><strong>Fred K. Berger<\/strong><\/p>\n\n\n\n<p class=\"wp-block-paragraph\">Nuestro proyecto trata de describir este fen\u00f3meno desde un punto de vista te\u00f3rico inicialmente, para poder abordarlo desde la configuraci\u00f3n de una colecci\u00f3n de moda que nos ayude a explicar las sensaciones y las emociones que sienten los enfermos de depresi\u00f3n. Por esta raz\u00f3n, en el dise\u00f1o de la colecci\u00f3n decidimos coger varias palabras clave que son las que nos van a ayudar a desarrollar los quince looks. Estas palabras clave son <strong><em>Desbordamiento, simple supervivencia, debilidad, fuertes sentimientos y vac\u00edo<\/em><\/strong>, que ser\u00eda nuestro concepto principal.<\/p>\n\n\n\n<p class=\"wp-block-paragraph\">Entorno a la tipolog\u00eda de prenda decidimos utilizar t\u00e9cnicas procedentes de la sastrer\u00eda. As\u00ed, nuestra colecci\u00f3n se inicia con un primer look que muestra la estabilidad inicial que muestran las personas antes de contraer la enfermedad. Poco a poco van aflorando sentimientos incontrolados que hacen que la persona da signos de debilidad y aturdimiento, hasta que el yo interior se apodera del exterior, fen\u00f3meno que se refleja en el look final. La colecci\u00f3n presenta tejidos sin acabados, muy fr\u00e1giles y vol\u00e1tiles, pero que est\u00e1n acompa\u00f1ados por peque\u00f1as piezas de sastrer\u00eda. En este sentido, la sastrer\u00eda hace la funci\u00f3n de estabilidad emocional y la templanza, lo que se deja ver en el exterior, mientras que los tejidos que utilizaremos han sido el mil\u00fa y la organza. Ambos materiales se emplean como sin\u00f3nimo de lo interno que sale al exterior cuando la enfermedad mental ya es una realidad plausible y palpable por el entorno social.<\/p>\n\n\n\n<figure class=\"wp-block-image size-large is-resized\"><img decoding=\"async\" src=\"https:\/\/sebastiantextiles.proyectowebs.com\/wp-content\/uploads\/2023\/05\/Foto1-721x1024.png\" alt=\"\" class=\"wp-image-22274\" width=\"730\" srcset=\"https:\/\/sebastiantextiles.proyectowebs.com\/wp-content\/uploads\/2023\/05\/Foto1-721x1024.png 721w, https:\/\/sebastiantextiles.proyectowebs.com\/wp-content\/uploads\/2023\/05\/Foto1-211x300.png 211w, https:\/\/sebastiantextiles.proyectowebs.com\/wp-content\/uploads\/2023\/05\/Foto1-768x1091.png 768w, https:\/\/sebastiantextiles.proyectowebs.com\/wp-content\/uploads\/2023\/05\/Foto1-600x852.png 600w, https:\/\/sebastiantextiles.proyectowebs.com\/wp-content\/uploads\/2023\/05\/Foto1.png 984w\" sizes=\"(max-width: 721px) 100vw, 721px\" \/><\/figure>\n\n\n\n<figure class=\"wp-block-image size-large\"><img loading=\"lazy\" decoding=\"async\" width=\"724\" height=\"1024\" src=\"https:\/\/sebastiantextiles.proyectowebs.com\/wp-content\/uploads\/2023\/05\/Imagen2-724x1024.png\" alt=\"\" class=\"wp-image-22276\" srcset=\"https:\/\/sebastiantextiles.proyectowebs.com\/wp-content\/uploads\/2023\/05\/Imagen2-724x1024.png 724w, https:\/\/sebastiantextiles.proyectowebs.com\/wp-content\/uploads\/2023\/05\/Imagen2-212x300.png 212w, https:\/\/sebastiantextiles.proyectowebs.com\/wp-content\/uploads\/2023\/05\/Imagen2-768x1087.png 768w, https:\/\/sebastiantextiles.proyectowebs.com\/wp-content\/uploads\/2023\/05\/Imagen2-1085x1536.png 1085w, https:\/\/sebastiantextiles.proyectowebs.com\/wp-content\/uploads\/2023\/05\/Imagen2.png 1756w\" sizes=\"auto, (max-width: 724px) 100vw, 724px\" \/><\/figure>\n\n\n\n<figure class=\"wp-block-image size-large\"><img loading=\"lazy\" decoding=\"async\" width=\"722\" height=\"1024\" src=\"https:\/\/sebastiantextiles.proyectowebs.com\/wp-content\/uploads\/2023\/05\/Imagen3-722x1024.png\" alt=\"\" class=\"wp-image-22277\" srcset=\"https:\/\/sebastiantextiles.proyectowebs.com\/wp-content\/uploads\/2023\/05\/Imagen3-722x1024.png 722w, https:\/\/sebastiantextiles.proyectowebs.com\/wp-content\/uploads\/2023\/05\/Imagen3-212x300.png 212w, https:\/\/sebastiantextiles.proyectowebs.com\/wp-content\/uploads\/2023\/05\/Imagen3-768x1089.png 768w, https:\/\/sebastiantextiles.proyectowebs.com\/wp-content\/uploads\/2023\/05\/Imagen3-1083x1536.png 1083w, https:\/\/sebastiantextiles.proyectowebs.com\/wp-content\/uploads\/2023\/05\/Imagen3.png 1756w\" sizes=\"auto, (max-width: 722px) 100vw, 722px\" \/><\/figure>\n","protected":false},"excerpt":{"rendered":"<p>Su proyecto Final de Grado \u201cPeripecia\u201d ha ganado el premio del jurado a la mejor colecci\u00f3n en el Degree Fashion Show \u201cTransitando el espacio\u201d, celebrado por ESDi el 7 de abril de 2022 en Hangar, Barcelona.<\/p>\n","protected":false},"author":1,"featured_media":22273,"comment_status":"closed","ping_status":"closed","sticky":false,"template":"","format":"standard","meta":{"_acf_changed":false,"_kad_blocks_custom_css":"","_kad_blocks_head_custom_js":"","_kad_blocks_body_custom_js":"","_kad_blocks_footer_custom_js":"","_kad_post_transparent":"","_kad_post_title":"","_kad_post_layout":"","_kad_post_sidebar_id":"","_kad_post_content_style":"","_kad_post_vertical_padding":"","_kad_post_feature":"","_kad_post_feature_position":"","_kad_post_header":false,"_kad_post_footer":false,"footnotes":""},"categories":[1],"tags":[],"class_list":["post-15262","post","type-post","status-publish","format-standard","has-post-thumbnail","hentry","category-sin-categorizar"],"acf":[],"taxonomy_info":{"category":[{"value":1,"label":"News"}]},"featured_image_src_large":["https:\/\/sebastiantextiles.proyectowebs.com\/wp-content\/uploads\/2022\/04\/Diseno-sin-titulo-16-1.png",850,500,false],"author_info":{"display_name":"soporte","author_link":"https:\/\/sebastiantextiles.proyectowebs.com\/en\/author\/soporte\/"},"comment_info":0,"category_info":[{"term_id":1,"name":"News","slug":"sin-categorizar","term_group":0,"term_taxonomy_id":1,"taxonomy":"category","description":"","parent":0,"count":22,"filter":"raw","cat_ID":1,"category_count":22,"category_description":"","cat_name":"News","category_nicename":"sin-categorizar","category_parent":0}],"tag_info":false,"_links":{"self":[{"href":"https:\/\/sebastiantextiles.proyectowebs.com\/en\/wp-json\/wp\/v2\/posts\/15262","targetHints":{"allow":["GET"]}}],"collection":[{"href":"https:\/\/sebastiantextiles.proyectowebs.com\/en\/wp-json\/wp\/v2\/posts"}],"about":[{"href":"https:\/\/sebastiantextiles.proyectowebs.com\/en\/wp-json\/wp\/v2\/types\/post"}],"author":[{"embeddable":true,"href":"https:\/\/sebastiantextiles.proyectowebs.com\/en\/wp-json\/wp\/v2\/users\/1"}],"replies":[{"embeddable":true,"href":"https:\/\/sebastiantextiles.proyectowebs.com\/en\/wp-json\/wp\/v2\/comments?post=15262"}],"version-history":[{"count":0,"href":"https:\/\/sebastiantextiles.proyectowebs.com\/en\/wp-json\/wp\/v2\/posts\/15262\/revisions"}],"wp:featuredmedia":[{"embeddable":true,"href":"https:\/\/sebastiantextiles.proyectowebs.com\/en\/wp-json\/wp\/v2\/media\/22273"}],"wp:attachment":[{"href":"https:\/\/sebastiantextiles.proyectowebs.com\/en\/wp-json\/wp\/v2\/media?parent=15262"}],"wp:term":[{"taxonomy":"category","embeddable":true,"href":"https:\/\/sebastiantextiles.proyectowebs.com\/en\/wp-json\/wp\/v2\/categories?post=15262"},{"taxonomy":"post_tag","embeddable":true,"href":"https:\/\/sebastiantextiles.proyectowebs.com\/en\/wp-json\/wp\/v2\/tags?post=15262"}],"curies":[{"name":"wp","href":"https:\/\/api.w.org\/{rel}","templated":true}]}}