{"id":15512,"date":"2022-05-19T10:48:27","date_gmt":"2022-05-19T09:48:27","guid":{"rendered":"https:\/\/sebastiantextiles.com\/?p=15512"},"modified":"2023-05-23T09:03:13","modified_gmt":"2023-05-23T09:03:13","slug":"tendencia-color-primavera-verano-2024","status":"publish","type":"post","link":"https:\/\/sebastiantextiles.proyectowebs.com\/en\/tendencia-color-primavera-verano-2024\/","title":{"rendered":"Tendencia Color Primavera-Verano 2024"},"content":{"rendered":"\n<p class=\"wp-block-paragraph\"><strong>Los colores saturados ser\u00e1n tendencia en la primavera\/verano de 2024<\/strong><\/p>\n\n\n\n<p class=\"wp-block-paragraph\"><strong>CIENCIA Y TECNOLOG\u00cdA.<\/strong><\/p>\n\n\n\n<p class=\"wp-block-paragraph\">Esta semana se presentan las propuestas de color para la temporada SS24 en el congreso internacional del color Intercolor, que este a\u00f1o se celebra en Helsinki. ESDi Color Lab, el laboratorio de tendencias crom\u00e1ticas de la Escuela Superior de Dise\u00f1o ESDi de Sabadell, representa a Espa\u00f1a con una carta de color basada en tonos rojizos, amarillentos y anaranjados que simbolizan la \u00e9poca de controversia social que estamos viviendo.<\/p>\n\n\n\n<p class=\"wp-block-paragraph\">Del 11 al 13 de mayo de 2022 tendr\u00e1 lugar en Helsinki el congreso internacional del color Intercolor, donde se decidir\u00e1n los colores que ser\u00e1n tendencia para la pr\u00f3xima temporada primavera\/verano 2024. Cada uno de los 17 pa\u00edses participantes presenta una carta crom\u00e1tica basada en una tem\u00e1tica sociol\u00f3gica, y a partir de estas 17 propuestas se crea una \u00fanica carta de color unificada que tendr\u00e1 impacto en todos los \u00e1mbitos del dise\u00f1o a dos temporadas vista.<\/p>\n\n\n\n<p class=\"wp-block-paragraph\">La propuesta presentada por Espa\u00f1a ha sido desarrollada por ESDi Color Lab, laboratorio de tendencias crom\u00e1ticas de la Escuela Superior de Dise\u00f1o ESDi de Sabadell, y producida con ordenadores ConceptD, partner del Lab. Para la temporada SS24, ESDi Color Lab se ha basado en la \u00e9poca de controversia social que estamos viviendo en la actualidad, utilizando una serie de gamas crom\u00e1ticas que la representan.<\/p>\n\n\n\n<p class=\"wp-block-paragraph\">Tal y como lo explica la Directora de ESDi Color Lab, la Dra. Encarna Ruiz, \u201cla controversia social en la que nos situamos da lugar a la utilizaci\u00f3n de colores saturados, en los que predominan los tonos rojizos, anaranjados y amarillentos, que aluden a esta situaci\u00f3n de dificultad colectiva. En \u00e9pocas de crisis existe un predominio de los colores intensos, que se suavizan, en ocasiones, con algunos colores m\u00e1s amables como es el caso de los rosas, que siempre remiten a la sensibilidad de las personas. En nuestra propuesta est\u00e1n presentes, pero rodeados por granates y marrones oscuros que ensombrecen esta frescura m\u00e1s inocente de los rosas y ofrecen la sensaci\u00f3n de tensi\u00f3n que evoca a la realidad social contempor\u00e1nea.<\/p>\n\n\n\n<p class=\"wp-block-paragraph\">La carta general, conceptualmente, se viste con materiales construidos a partir de residuos procedentes del d\u00eda a d\u00eda de cada uno de nosotros. Estos residuos de nuestra cotidianidad son el reflejo de nuestra presencia inconsciente y del impacto que dejamos en el entorno\u201d. La elecci\u00f3n de \u201ccontroversia\u201d como tema general de la propuesta es el contrasentido que se produce en la contemporaneidad cuando expresamos nuestra oposici\u00f3n a una realidad marcada por tiempo de pandemia, guerra, inflaci\u00f3n y aparici\u00f3n de ideolog\u00edas extremas. Pero a la que no hacemos frente porque nos escondemos en las redes sociales y en ese espacio alternativo que generan donde ubicamos nuestra zona de confort.<\/p>\n\n\n\n<p class=\"wp-block-paragraph\">Dotados de la habilidad de esconderse, como si se tratara del dios Proteus, transformamos nuestra identidad, pixelamos el contexto que nos repugna, y generamos contenidos \u201cbasura\u201d que nos inducen a no asumir la divergencia. Es a partir de esta idea de mundo en continua controversia, donde el digital se convierte en nuestra v\u00eda para huir, pero que se enfrenta directamente a nuestra necesidad de toma de contacto con la realidad tangible, en la que toma sentido la reconstrucci\u00f3n de nuestra esencia como individuos.<\/p>\n\n\n\n<p class=\"wp-block-paragraph\">Por eso, la carta de color de ESDi Color Lab est\u00e1 representada por cuatro materiales construidos a partir de los desechos de nuestra rutina: restos de comida, prensa que habla de ideolog\u00edas extremas, los posos del caf\u00e9 o los restos de los pl\u00e1sticos consumidos , que se convierten en nuevas posibilidades mat\u00e9ricas. La controversia se produce cuando el digital nos seduce, la tecnolog\u00eda nos invade, pero nos resistimos a no establecer contacto con lo que somos de forma anal\u00f3gica y concreta. Frente a las propuestas inmersivas, como el metaverso, nuestros residuos hablan de nuestra presencia corp\u00f3rea. As\u00ed, la propuesta de Espa\u00f1a para Intercolor SS24 se materializa en tres cartas de color, denominadas \u201cProteus\u201d, \u201cPixelshoulder\u201d y \u201cBlursed\u201d.<\/p>\n\n\n\n<figure class=\"wp-block-image size-large\"><img loading=\"lazy\" decoding=\"async\" width=\"1024\" height=\"995\" src=\"https:\/\/sebastiantextiles.proyectowebs.com\/wp-content\/uploads\/2023\/05\/Carta-escaneada-1-1024x995.jpg\" alt=\"\" class=\"wp-image-22286\" srcset=\"https:\/\/sebastiantextiles.proyectowebs.com\/wp-content\/uploads\/2023\/05\/Carta-escaneada-1-1024x995.jpg 1024w, https:\/\/sebastiantextiles.proyectowebs.com\/wp-content\/uploads\/2023\/05\/Carta-escaneada-1-300x292.jpg 300w, https:\/\/sebastiantextiles.proyectowebs.com\/wp-content\/uploads\/2023\/05\/Carta-escaneada-1-768x746.jpg 768w, https:\/\/sebastiantextiles.proyectowebs.com\/wp-content\/uploads\/2023\/05\/Carta-escaneada-1-600x583.jpg 600w, https:\/\/sebastiantextiles.proyectowebs.com\/wp-content\/uploads\/2023\/05\/Carta-escaneada-1.jpg 1522w\" sizes=\"auto, (max-width: 1024px) 100vw, 1024px\" \/><\/figure>\n\n\n\n<p class=\"wp-block-paragraph\"><strong>CONTROVERSY<\/strong><\/p>\n\n\n\n<p class=\"wp-block-paragraph\">Es el contrasentido que se produce cuando las personas expresan una idea y act\u00faan de forma totalmente diferente a lo planteado. En la contemporaneidad, se manifiesta cuando expresamos nuestra oposici\u00f3n a una realidad marcada por tiempos de pandemia, guerra, inflaci\u00f3n y aparici\u00f3n de ideolog\u00edas extremas. Pero a la que no hacemos frente porque nos escondemos en las redes sociales y en ese espacio alternativo que generan en el que ubicamos nuestra zona de confort. Dotados de la habilidad de esconderse, como si se tratara del dios Proteus, transformamos nuestra identidad, pixelamos el contexto que nos repugna, y generamos contenidos basura que nos inducen a no asumir la divergencia.<br>Es a partir de esta idea de mundo en continua controversia, en el que lo digital se convierte en nuestra v\u00eda de escape, pero que se enfrenta directamente con nuestra necesidad de toma de contacto con la realidad tangible, en la que toma sentido la reconstrucci\u00f3n de nuestra esencia como individuos. Por eso, esta propuesta est\u00e1 representada por cuatro materiales construidos a partir de los desechos de nuestra rutina: restos de comida, prensa que habla de ideolog\u00edas extremas, los posos del caf\u00e9 o los restos de los pl\u00e1sticos consumidos, se convierten en nuevas posibilidades mat\u00e9ricas. La controversia se produce cuando lo digital nos seduce, la tecnolog\u00eda nos invade, pero nos resistimos a no establecer contacto con aquello que somos de forma anal\u00f3gica y concreta. Frente a las propuestas inmersivas, como el metaverso, nuestros residuos hablan de nuestra presencia corp\u00f3rea.<\/p>\n\n\n\n<figure class=\"wp-block-image size-large\"><img loading=\"lazy\" decoding=\"async\" width=\"1024\" height=\"1024\" src=\"https:\/\/sebastiantextiles.proyectowebs.com\/wp-content\/uploads\/2023\/05\/Proteus-2046x2048-1-1024x1024.jpg\" alt=\"\" class=\"wp-image-22287\" srcset=\"https:\/\/sebastiantextiles.proyectowebs.com\/wp-content\/uploads\/2023\/05\/Proteus-2046x2048-1-1024x1024.jpg 1024w, https:\/\/sebastiantextiles.proyectowebs.com\/wp-content\/uploads\/2023\/05\/Proteus-2046x2048-1-300x300.jpg 300w, https:\/\/sebastiantextiles.proyectowebs.com\/wp-content\/uploads\/2023\/05\/Proteus-2046x2048-1-150x150.jpg 150w, https:\/\/sebastiantextiles.proyectowebs.com\/wp-content\/uploads\/2023\/05\/Proteus-2046x2048-1-768x769.jpg 768w, https:\/\/sebastiantextiles.proyectowebs.com\/wp-content\/uploads\/2023\/05\/Proteus-2046x2048-1-1536x1536.jpg 1536w, https:\/\/sebastiantextiles.proyectowebs.com\/wp-content\/uploads\/2023\/05\/Proteus-2046x2048-1-600x601.jpg 600w, https:\/\/sebastiantextiles.proyectowebs.com\/wp-content\/uploads\/2023\/05\/Proteus-2046x2048-1-100x100.jpg 100w, https:\/\/sebastiantextiles.proyectowebs.com\/wp-content\/uploads\/2023\/05\/Proteus-2046x2048-1.jpg 2046w\" sizes=\"auto, (max-width: 1024px) 100vw, 1024px\" \/><\/figure>\n\n\n\n<p class=\"wp-block-paragraph\"><strong>PROTEUS<\/strong><br>Avat\u00e2ra, Misleading, Alter ego, (Hyper)realm<\/p>\n\n\n\n<p class=\"wp-block-paragraph\">Fen\u00f3meno en el que el comportamiento de un individuo, dentro de mundos virtuales, cambia y se adapta a las caracter\u00edsticas de su avatar. Una vez fuera de ese mundo virtual, la adquisici\u00f3n de ese nuevo comportamiento puede prolongarse y transformar su personalidad. La realidad est\u00e1 condicionada por la experiencia inmersiva.<\/p>\n\n\n\n<p class=\"wp-block-paragraph\">El proteus se representa a trav\u00e9s del color azul cobalto, en el que la superposici\u00f3n de materiales nos indica esa dualidad de personalidades, en las que el avatar se confunde con el actor y, al contrario. La plasticidad de los materiales, compuestos y brillantes, nos induce a plantear esa hiperrealidad que tiene una apariencia completamente artificial y m\u00e1gica. El punto de color amarillo y la textura aterciopelada nos hablan de dinamismo de un espacio extra\u00f1o y dicot\u00f3mico que invita a la reflexi\u00f3n tenebrosa de quien es quien. En esta propuesta crom\u00e1tica todos los colores, incluso el negro, est\u00e1 manipulado y los materiales utilizados son absolutamente enga\u00f1osos.<\/p>\n\n\n\n<figure class=\"wp-block-image size-large\"><img loading=\"lazy\" decoding=\"async\" width=\"1024\" height=\"1024\" src=\"https:\/\/sebastiantextiles.proyectowebs.com\/wp-content\/uploads\/2023\/05\/Pixelshouder-1-2048x2048-1-1024x1024.jpg\" alt=\"\" class=\"wp-image-22288\" srcset=\"https:\/\/sebastiantextiles.proyectowebs.com\/wp-content\/uploads\/2023\/05\/Pixelshouder-1-2048x2048-1-1024x1024.jpg 1024w, https:\/\/sebastiantextiles.proyectowebs.com\/wp-content\/uploads\/2023\/05\/Pixelshouder-1-2048x2048-1-300x300.jpg 300w, https:\/\/sebastiantextiles.proyectowebs.com\/wp-content\/uploads\/2023\/05\/Pixelshouder-1-2048x2048-1-150x150.jpg 150w, https:\/\/sebastiantextiles.proyectowebs.com\/wp-content\/uploads\/2023\/05\/Pixelshouder-1-2048x2048-1-768x768.jpg 768w, https:\/\/sebastiantextiles.proyectowebs.com\/wp-content\/uploads\/2023\/05\/Pixelshouder-1-2048x2048-1-1536x1536.jpg 1536w, https:\/\/sebastiantextiles.proyectowebs.com\/wp-content\/uploads\/2023\/05\/Pixelshouder-1-2048x2048-1-600x600.jpg 600w, https:\/\/sebastiantextiles.proyectowebs.com\/wp-content\/uploads\/2023\/05\/Pixelshouder-1-2048x2048-1-100x100.jpg 100w, https:\/\/sebastiantextiles.proyectowebs.com\/wp-content\/uploads\/2023\/05\/Pixelshouder-1-2048x2048-1.jpg 2048w\" sizes=\"auto, (max-width: 1024px) 100vw, 1024px\" \/><\/figure>\n\n\n\n<p class=\"wp-block-paragraph\"><strong>PIXELSHOUDER<\/strong><br>Tingle, (No)material, Yearning, Dissonance<\/p>\n\n\n\n<p class=\"wp-block-paragraph\">La pixelizaci\u00f3n consiste en una t\u00e9cnica mediante la cual se ve borrosa parte o la totalidad del mensaje. Nuestra sociedad se mueve en lo difuso. Pixelamos la realidad. Censura en estado puro, en la que lo tangible se muestra como intocable, las cosas se transforman en ideas, lo s\u00f3lido es inconsistente y el deseo de tener sustituye a la posibilidad de poseer.<\/p>\n\n\n\n<p class=\"wp-block-paragraph\">Nuestra propuesta se centra en la presencia de los rosas p\u00e1lidos, en distintas tonalidades, que nos inducen a plantearnos la fantas\u00eda, la ingenuidad de una comunidad que parece vivir al margen de los acontecimientos. Unos sucesos que, por otra parte, son manipulados para presentarse como inocentes y amables. Estos rosas se dejan acompa\u00f1ar por dos granates: uno intenso, que nos ayuda a expresar las emociones de esa comunidad inconsistente; y otro mucho m\u00e1s p\u00e1lido que nos ubica en la falta de nitidez de la realidad, que se esconde detr\u00e1s de un azul noche brillante. La presencia del marr\u00f3n oscuro nos recuerda las emociones negativas que se desprenden de esta manipulaci\u00f3n de los escenarios.<\/p>\n\n\n\n<figure class=\"wp-block-image size-large\"><img loading=\"lazy\" decoding=\"async\" width=\"1024\" height=\"1009\" src=\"https:\/\/sebastiantextiles.proyectowebs.com\/wp-content\/uploads\/2023\/05\/Blursed-2-2048x2018-1-1024x1009.jpg\" alt=\"\" class=\"wp-image-22289\" srcset=\"https:\/\/sebastiantextiles.proyectowebs.com\/wp-content\/uploads\/2023\/05\/Blursed-2-2048x2018-1-1024x1009.jpg 1024w, https:\/\/sebastiantextiles.proyectowebs.com\/wp-content\/uploads\/2023\/05\/Blursed-2-2048x2018-1-300x296.jpg 300w, https:\/\/sebastiantextiles.proyectowebs.com\/wp-content\/uploads\/2023\/05\/Blursed-2-2048x2018-1-768x757.jpg 768w, https:\/\/sebastiantextiles.proyectowebs.com\/wp-content\/uploads\/2023\/05\/Blursed-2-2048x2018-1-1536x1514.jpg 1536w, https:\/\/sebastiantextiles.proyectowebs.com\/wp-content\/uploads\/2023\/05\/Blursed-2-2048x2018-1-600x591.jpg 600w, https:\/\/sebastiantextiles.proyectowebs.com\/wp-content\/uploads\/2023\/05\/Blursed-2-2048x2018-1-100x100.jpg 100w, https:\/\/sebastiantextiles.proyectowebs.com\/wp-content\/uploads\/2023\/05\/Blursed-2-2048x2018-1.jpg 2048w\" sizes=\"auto, (max-width: 1024px) 100vw, 1024px\" \/><\/figure>\n\n\n\n<p class=\"wp-block-paragraph\"><strong>BLURSED<\/strong><br>X-Core, Viral, Rotten, Cheap\/Chik<\/p>\n\n\n\n<p class=\"wp-block-paragraph\">Eludimos la realidad introduci\u00e9ndonos en un mundo en el que prevalece la inmediatez y lo disparatado, lleno de contenidos no contrastados, sin escr\u00fapulos, capaces de sonrojarnos, de hacernos sentir verg\u00fcenza\u2026 Se trata de una aut\u00e9ntica des virtualizaci\u00f3n de nuestros escenarios sociales ante la que somos incapaces de discrepar.<br>Toda esta basura, que hace alusi\u00f3n directamente a la realidad grotesca que presentamos en la tendencia pasada, nos sit\u00faa en el poder de las redes para divulgar contenidos sin escr\u00fapulos, vac\u00edos de \u00e9tica y carentes de l\u00f3gica en ocasiones. Por esta raz\u00f3n, la carta comienza con un tono rosa chicle, artificial, que nos habla de la manipulaci\u00f3n de las emociones positivas. A esta idea contribuye el contrapunto de tonos granates que nos inducen a la armon\u00eda de los contenidos, pero que contiene un potente hilo rojo como sin\u00f3nimo de la violencia del momento en el que vivimos. En este matiz est\u00e1 la controversia. Por otra parte, el marr\u00f3n que emula a la piel es el tono m\u00e1s humano, el m\u00e1s directo, que se confunde con el cobrizo elegante y brillante que dota a esa condici\u00f3n m\u00e1s natural de la artificiosidad que proporcionan los contenidos en las redes. Esos mensajes desagradable y turbios se representan con el blanco lechoso, desde\u00f1oso, y la piel de la naranja casi putrefacta que nos ofrece la sensaci\u00f3n de corrompido. Sin embargo, toda esta negatividad se evapora ante la presencia luminosa de un azul celeste que proporciona la serenidad a esta controvertida propuesta.<\/p>\n\n\n\n<p class=\"wp-block-paragraph\"><strong>Acerca de ESDi Color Lab<\/strong><\/p>\n\n\n\n<p class=\"wp-block-paragraph\">ESDi Color Lab es el laboratorio de tendencias crom\u00e1ticas de la Escuela Superior de Dise\u00f1o ESDi de Sabadell (Barcelona), y el representante de Espa\u00f1a en el congreso internacional del color Intercolor. Se caracteriza por estar constituido por docentes investigadores y alumnos residentes de diferentes disciplinas del dise\u00f1o. La propuesta de la temporada SS24 ha sido desarrollada por la Dra. Encarna Ruiz, directora de ESDi Color Lab, el profesor Mikki Schindler, y los alumnos del Grado en Dise\u00f1o Laura Araujo, Pablo C\u00f3rdoba, Claudia Fern\u00e1ndez, Ivet Jard\u00edn, Christian L\u00e1zaro, Anna March, Quim Rives, Anna Rodr\u00edguez, Ester Rodr\u00edguez, Mar\u00eda Romero, Josep Rosell y Elena Vicente. Tambi\u00e9n ha contado con la colaboraci\u00f3n de Marcelo de Medeiros y Marta Jou, docentes de ESDi, y los alumnos Maica Espada, Encarni Espejo, Conrad Garc\u00eda, Natalia P\u00e9rez y Juliana S\u00e1nchez.<\/p>\n\n\n\n<p class=\"wp-block-paragraph\"><strong>Acerca de ConceptD<\/strong><\/p>\n\n\n\n<p class=\"wp-block-paragraph\">ConceptD es un nuevo enfoque para la inform\u00e1tica que supera las barreras entre las personas y la tecnolog\u00eda y permite a los creadores aprovechar al m\u00e1ximo todo su potencial. No se trata simplemente de hacer cosas distintas, sino de establecer nuevos puntos de referencia y fomentar una innovaci\u00f3n sin precedentes. ConceptD nace de la creencia de que los dise\u00f1adores logran su mejor trabajo cuando logran su propia definici\u00f3n de perfecci\u00f3n. Dentro de cada idea, cada concepto, cada filosof\u00eda hay semillas de creatividad por despertar. Los dise\u00f1adores, ingenieros, desarrolladores y artistas a menudo se ven atrapados dentro de los l\u00edmites impuestos por la falta de herramientas necesarias para abrirse paso. ConceptD es un enfoque novedoso que supera las barreras entre las personas y la tecnolog\u00eda y permite a los creadores liberar todo su potencial. No se trata simplemente de hacer las cosas distintas, sino de establecer nuevos puntos de referencia y abrir nuevos caminos. ConceptD es una marca de Acero.<\/p>\n","protected":false},"excerpt":{"rendered":"<p>Propuesta de color para la temporada SS24 por ESDi Color Lab, representando a Espa\u00f1a, en el congreso internacional del color Intercolor, celebrado este a\u00f1o en Helsinki.<\/p>\n","protected":false},"author":1,"featured_media":22284,"comment_status":"closed","ping_status":"closed","sticky":false,"template":"","format":"standard","meta":{"_acf_changed":false,"_kad_blocks_custom_css":"","_kad_blocks_head_custom_js":"","_kad_blocks_body_custom_js":"","_kad_blocks_footer_custom_js":"","_kad_post_transparent":"","_kad_post_title":"","_kad_post_layout":"","_kad_post_sidebar_id":"","_kad_post_content_style":"","_kad_post_vertical_padding":"","_kad_post_feature":"","_kad_post_feature_position":"","_kad_post_header":false,"_kad_post_footer":false,"footnotes":""},"categories":[1],"tags":[],"class_list":["post-15512","post","type-post","status-publish","format-standard","has-post-thumbnail","hentry","category-sin-categorizar"],"acf":[],"taxonomy_info":{"category":[{"value":1,"label":"News"}]},"featured_image_src_large":["https:\/\/sebastiantextiles.proyectowebs.com\/wp-content\/uploads\/2022\/05\/blog-1-1.png",850,500,false],"author_info":{"display_name":"soporte","author_link":"https:\/\/sebastiantextiles.proyectowebs.com\/en\/author\/soporte\/"},"comment_info":0,"category_info":[{"term_id":1,"name":"News","slug":"sin-categorizar","term_group":0,"term_taxonomy_id":1,"taxonomy":"category","description":"","parent":0,"count":22,"filter":"raw","cat_ID":1,"category_count":22,"category_description":"","cat_name":"News","category_nicename":"sin-categorizar","category_parent":0}],"tag_info":false,"_links":{"self":[{"href":"https:\/\/sebastiantextiles.proyectowebs.com\/en\/wp-json\/wp\/v2\/posts\/15512","targetHints":{"allow":["GET"]}}],"collection":[{"href":"https:\/\/sebastiantextiles.proyectowebs.com\/en\/wp-json\/wp\/v2\/posts"}],"about":[{"href":"https:\/\/sebastiantextiles.proyectowebs.com\/en\/wp-json\/wp\/v2\/types\/post"}],"author":[{"embeddable":true,"href":"https:\/\/sebastiantextiles.proyectowebs.com\/en\/wp-json\/wp\/v2\/users\/1"}],"replies":[{"embeddable":true,"href":"https:\/\/sebastiantextiles.proyectowebs.com\/en\/wp-json\/wp\/v2\/comments?post=15512"}],"version-history":[{"count":0,"href":"https:\/\/sebastiantextiles.proyectowebs.com\/en\/wp-json\/wp\/v2\/posts\/15512\/revisions"}],"wp:featuredmedia":[{"embeddable":true,"href":"https:\/\/sebastiantextiles.proyectowebs.com\/en\/wp-json\/wp\/v2\/media\/22284"}],"wp:attachment":[{"href":"https:\/\/sebastiantextiles.proyectowebs.com\/en\/wp-json\/wp\/v2\/media?parent=15512"}],"wp:term":[{"taxonomy":"category","embeddable":true,"href":"https:\/\/sebastiantextiles.proyectowebs.com\/en\/wp-json\/wp\/v2\/categories?post=15512"},{"taxonomy":"post_tag","embeddable":true,"href":"https:\/\/sebastiantextiles.proyectowebs.com\/en\/wp-json\/wp\/v2\/tags?post=15512"}],"curies":[{"name":"wp","href":"https:\/\/api.w.org\/{rel}","templated":true}]}}