{"id":17649,"date":"2022-09-22T15:36:06","date_gmt":"2022-09-22T13:36:06","guid":{"rendered":"https:\/\/sebastiantextiles.com\/?p=17649"},"modified":"2023-05-23T09:36:34","modified_gmt":"2023-05-23T09:36:34","slug":"ousia-por-laura-villar","status":"publish","type":"post","link":"https:\/\/sebastiantextiles.proyectowebs.com\/en\/ousia-por-laura-villar\/","title":{"rendered":"&#8220;OUSIA&#8221; por Laura Villar, Graduada en Dise\u00f1o"},"content":{"rendered":"\n<p class=\"wp-block-paragraph\">Este proyecto surge del an\u00e1lisis del concepto metaf\u00edsico de la esencia del ser, principio del que parte la identidad de cada persona. Todos los individuos tenemos una consciencia propia de nuestro ser que difiere incluso de la percepci\u00f3n que los dem\u00e1s tienen de nosotros mismos. C\u00f3mo entendemos nuestra realidad de manera personal es algo muy \u00edntimo, dif\u00edcil de transmitir al colectivo del que formamos parte. Nuestra percepci\u00f3n del \u201cyo\u201d colisiona en muchas ocasiones, con la idea que los dem\u00e1s tienen de nosotros y este puede ser el fundamento de la aparici\u00f3n de conflictos emocionales y psicol\u00f3gicos de las personas en momentos determinados de su vida.<\/p>\n\n\n\n<p class=\"wp-block-paragraph\">As\u00ed, mi trabajo parte de una base subjetiva sobre una experiencia personal vivida durante el confinamiento provocado por la Pandemia de Covid19, que desencaden\u00f3 en una crisis identitaria. La colecci\u00f3n est\u00e1 compuesta por quince conjuntos que representan las emociones derivadas de esta crisis en las que las emociones se representan a trav\u00e9s de los colores, los materiales empleados en la elaboraci\u00f3n de las prendas y los vol\u00famenes trabajados. De esta forma, cada decisi\u00f3n crom\u00e1tica est\u00e1 intr\u00ednsecamente relacionada con los tejidos, ya que lo que se quiere transmitir es un viaje desde el exterior, donde tiene lugar la vida comunitaria, hacia el interior, espacio en el que se encuentra la esencia del ser.<\/p>\n\n\n\n<p class=\"wp-block-paragraph\">El negro es el tono con el que iniciamos la propuesta porque es la muestra del desgaste del tiempo. Su opacidad nos remite a esta tensi\u00f3n interna que nos lleva a cuestionarnos qui\u00e9nes somos y d\u00f3nde estamos. A trav\u00e9s de este color y de la manipulaci\u00f3n que se realiza en los tejidos negros, he intentado resaltar la ruptura entre el entorno social personal y lo que el conjunto de la sociedad espera de nosotros. Es la re afirmaci\u00f3n de la identidad individual que se revela a la imposici\u00f3n de la estructura social, que espera de nosotros que nos comportemos como seres arraigados a los principios establecidos por una comunidad.<\/p>\n\n\n\n<p class=\"wp-block-paragraph\">Esta rebeld\u00eda personal tiene consecuencias emocionales que nos conducen a situaciones dif\u00edciles de encajar: revelarse contra lo establecido supone entrar en el terreno de la duda, en la solitud de saber que te alejas de lo establecido\u2026 Por esta raz\u00f3n, las personas necesitamos realizar un viaje psicol\u00f3gico a nuestro pasado para encontrar elementos que nos reconforten y nos hagan recobrar el v\u00ednculo con la comunidad. Reconciliarnos con nuestras ra\u00edces, con el sitio en el que se han desarrollado tus primeros a\u00f1os de vida, el lugar al que pertenecen tus recuerdos primarios, supone conectar con tu esencia y reafirmar tu identidad.<\/p>\n\n\n\n<p class=\"wp-block-paragraph\">En este sentido, Chillida nos recuerda que <em>\u201cbuscar desde el lugar que hay que ver\u201d nos devuelve la capacidad de integrarnos de nuevo en la comunidad a la que pertenecemos.<\/em>&nbsp;Volver al pasado, implicar\u00e1 retroceder y ver el desgaste del tiempo. Una combusti\u00f3n que no tiene frenada, pero si comprensi\u00f3n y perd\u00f3n. Me atrevo a decir, ante vosotros, que en este proyecto he encontrado la raz\u00f3n del ser a partir del encuentro con mi naturaleza m\u00e1s joven, e incluso un sentido de reconciliaci\u00f3n con mi padre.<\/p>\n\n\n\n<p class=\"wp-block-paragraph\">Este reencuentro con mi historia personal, la he representado a trav\u00e9s del blanco impoluto de lino, que aborda una transparencia en el interior. Hay una puntilla en cada esquina, que me remite al nexo fraternal, que me daba cuidados, que un d\u00eda dej\u00e9 de ver de forma positiva, eclipsada por el exterior.<\/p>\n\n\n\n<p class=\"wp-block-paragraph\">De esta forma, el blanco que va creciendo majestuosamente con vol\u00famenes de cortes circulares dando paso a la perforaci\u00f3n de la materia. Por tanto, a la indagaci\u00f3n del vac\u00edo, del origen del todo. Un vac\u00edo que coge color a medida que lo desnudas y aparece en tonos de piel que acaban en rosados y tejidos rugosos.<\/p>\n\n\n\n<p class=\"wp-block-paragraph\">Por otro lado, hay tantas heridas en la piel como identidades distintas tenemos. Cada experiencia deja huella en nosotros, y tenemos el deber de contemplarla, de analizarla de sentirla para aprender de ella e incorporarla a la esencia de nuestro ser. Esta idea me permite jugar con las sedas drapeadas, notar que se congelan en el espacio\u2026 Emular a John Galliano cuando hace referencia a \u201c<em>Pudicizia\u201d (la velata)<\/em> la mujer velada, escondida bajo ese tejido complejo y sugerente.<\/p>\n\n\n\n<p class=\"wp-block-paragraph\">Es el momento de pararnos, de despreocuparnos de las obligaciones sociales y de asumir la libertad personal de expresarnos de forma propia, sin matices. Es hora de disfrutar del pasado y de asumir el presente. Es el momento de manipular los tejidos que encontramos en lugares sugerentes, restos de stock, puntillas y encajes que pertenecieron a otras generaciones, y que podemos convertir en propuestas contempor\u00e1neas. Es la hora del positivismo, despu\u00e9s del an\u00e1lisis de lo vivido, de lo perdido, de lo asumido y de lo reencontrado. Es el instante en el que debemos tomar consciencia de nuestra identidad y del valor de las peque\u00f1as cosas que nos hacen vivir grandes experiencias. Ese instante en el que es necesario decir adi\u00f3s al miedo al rechazo, a las emociones desbordadas y de entender que en nuestra soledad se esconde la presencia de todos y cada uno de los individuos que han formado o forman parte de nuestro destino. Y, en consecuencia, es la hora del reivindicar la cultura propia, el arte como esencia, y la capacidad de crear como una forma de transmitir todo aquello que habita en nuestro interior, el OUSIA.<\/p>\n\n\n\n<p class=\"wp-block-paragraph\"><strong>Laura Villar<\/strong><br>Graduada en Dise\u00f1o, menci\u00f3n Moda<br>Escola Superior de Disseny ESDi<\/p>\n\n\n\n<p class=\"wp-block-paragraph\">Septiembre de 2022<\/p>\n\n\n\n<figure class=\"wp-block-image size-full is-resized\"><img decoding=\"async\" src=\"https:\/\/sebastiantextiles.proyectowebs.com\/wp-content\/uploads\/2023\/05\/Imagen1-683x1024-1.jpg\" alt=\"\" class=\"wp-image-22317\" width=\"730\" srcset=\"https:\/\/sebastiantextiles.proyectowebs.com\/wp-content\/uploads\/2023\/05\/Imagen1-683x1024-1.jpg 683w, https:\/\/sebastiantextiles.proyectowebs.com\/wp-content\/uploads\/2023\/05\/Imagen1-683x1024-1-200x300.jpg 200w, https:\/\/sebastiantextiles.proyectowebs.com\/wp-content\/uploads\/2023\/05\/Imagen1-683x1024-1-600x900.jpg 600w\" sizes=\"(max-width: 683px) 100vw, 683px\" \/><\/figure>\n\n\n\n<figure class=\"wp-block-image size-full is-resized\"><img decoding=\"async\" src=\"https:\/\/sebastiantextiles.proyectowebs.com\/wp-content\/uploads\/2023\/05\/Diseno-sin-titulo-9.png\" alt=\"\" class=\"wp-image-22318\" width=\"730\" srcset=\"https:\/\/sebastiantextiles.proyectowebs.com\/wp-content\/uploads\/2023\/05\/Diseno-sin-titulo-9.png 683w, https:\/\/sebastiantextiles.proyectowebs.com\/wp-content\/uploads\/2023\/05\/Diseno-sin-titulo-9-200x300.png 200w, https:\/\/sebastiantextiles.proyectowebs.com\/wp-content\/uploads\/2023\/05\/Diseno-sin-titulo-9-600x900.png 600w\" sizes=\"(max-width: 683px) 100vw, 683px\" \/><\/figure>\n\n\n\n<figure class=\"wp-block-image size-full is-resized\"><img decoding=\"async\" src=\"https:\/\/sebastiantextiles.proyectowebs.com\/wp-content\/uploads\/2023\/05\/Imagen-3-683x1024-1.jpg\" alt=\"\" class=\"wp-image-22319\" width=\"730\" srcset=\"https:\/\/sebastiantextiles.proyectowebs.com\/wp-content\/uploads\/2023\/05\/Imagen-3-683x1024-1.jpg 683w, https:\/\/sebastiantextiles.proyectowebs.com\/wp-content\/uploads\/2023\/05\/Imagen-3-683x1024-1-200x300.jpg 200w, https:\/\/sebastiantextiles.proyectowebs.com\/wp-content\/uploads\/2023\/05\/Imagen-3-683x1024-1-600x900.jpg 600w\" sizes=\"(max-width: 683px) 100vw, 683px\" \/><\/figure>\n\n\n\n<figure class=\"wp-block-image size-full is-resized\"><img decoding=\"async\" src=\"https:\/\/sebastiantextiles.proyectowebs.com\/wp-content\/uploads\/2023\/05\/Diseno-sin-titulo-10.png\" alt=\"\" class=\"wp-image-22320\" width=\"730\" srcset=\"https:\/\/sebastiantextiles.proyectowebs.com\/wp-content\/uploads\/2023\/05\/Diseno-sin-titulo-10.png 683w, https:\/\/sebastiantextiles.proyectowebs.com\/wp-content\/uploads\/2023\/05\/Diseno-sin-titulo-10-200x300.png 200w, https:\/\/sebastiantextiles.proyectowebs.com\/wp-content\/uploads\/2023\/05\/Diseno-sin-titulo-10-600x900.png 600w\" sizes=\"(max-width: 683px) 100vw, 683px\" \/><\/figure>\n\n\n\n<figure class=\"wp-block-image size-full is-resized\"><img decoding=\"async\" src=\"https:\/\/sebastiantextiles.proyectowebs.com\/wp-content\/uploads\/2023\/05\/Diseno-sin-titulo-11.png\" alt=\"\" class=\"wp-image-22321\" width=\"730\" srcset=\"https:\/\/sebastiantextiles.proyectowebs.com\/wp-content\/uploads\/2023\/05\/Diseno-sin-titulo-11.png 683w, https:\/\/sebastiantextiles.proyectowebs.com\/wp-content\/uploads\/2023\/05\/Diseno-sin-titulo-11-200x300.png 200w, https:\/\/sebastiantextiles.proyectowebs.com\/wp-content\/uploads\/2023\/05\/Diseno-sin-titulo-11-600x900.png 600w\" sizes=\"(max-width: 683px) 100vw, 683px\" \/><\/figure>\n","protected":false},"excerpt":{"rendered":"<p>Este proyecto surge del an\u00e1lisis del concepto metaf\u00edsico de la esencia del ser, principio del que parte la identidad de cada persona.<\/p>\n","protected":false},"author":1,"featured_media":22315,"comment_status":"closed","ping_status":"closed","sticky":false,"template":"","format":"standard","meta":{"_acf_changed":false,"_kad_blocks_custom_css":"","_kad_blocks_head_custom_js":"","_kad_blocks_body_custom_js":"","_kad_blocks_footer_custom_js":"","_kad_post_transparent":"","_kad_post_title":"","_kad_post_layout":"","_kad_post_sidebar_id":"","_kad_post_content_style":"","_kad_post_vertical_padding":"","_kad_post_feature":"","_kad_post_feature_position":"","_kad_post_header":false,"_kad_post_footer":false,"footnotes":""},"categories":[1],"tags":[],"class_list":["post-17649","post","type-post","status-publish","format-standard","has-post-thumbnail","hentry","category-sin-categorizar"],"acf":[],"taxonomy_info":{"category":[{"value":1,"label":"News"}]},"featured_image_src_large":["https:\/\/sebastiantextiles.proyectowebs.com\/wp-content\/uploads\/2022\/09\/Diseno-sin-titulo-8-1.png",850,500,false],"author_info":{"display_name":"soporte","author_link":"https:\/\/sebastiantextiles.proyectowebs.com\/en\/author\/soporte\/"},"comment_info":0,"category_info":[{"term_id":1,"name":"News","slug":"sin-categorizar","term_group":0,"term_taxonomy_id":1,"taxonomy":"category","description":"","parent":0,"count":22,"filter":"raw","cat_ID":1,"category_count":22,"category_description":"","cat_name":"News","category_nicename":"sin-categorizar","category_parent":0}],"tag_info":false,"_links":{"self":[{"href":"https:\/\/sebastiantextiles.proyectowebs.com\/en\/wp-json\/wp\/v2\/posts\/17649","targetHints":{"allow":["GET"]}}],"collection":[{"href":"https:\/\/sebastiantextiles.proyectowebs.com\/en\/wp-json\/wp\/v2\/posts"}],"about":[{"href":"https:\/\/sebastiantextiles.proyectowebs.com\/en\/wp-json\/wp\/v2\/types\/post"}],"author":[{"embeddable":true,"href":"https:\/\/sebastiantextiles.proyectowebs.com\/en\/wp-json\/wp\/v2\/users\/1"}],"replies":[{"embeddable":true,"href":"https:\/\/sebastiantextiles.proyectowebs.com\/en\/wp-json\/wp\/v2\/comments?post=17649"}],"version-history":[{"count":0,"href":"https:\/\/sebastiantextiles.proyectowebs.com\/en\/wp-json\/wp\/v2\/posts\/17649\/revisions"}],"wp:featuredmedia":[{"embeddable":true,"href":"https:\/\/sebastiantextiles.proyectowebs.com\/en\/wp-json\/wp\/v2\/media\/22315"}],"wp:attachment":[{"href":"https:\/\/sebastiantextiles.proyectowebs.com\/en\/wp-json\/wp\/v2\/media?parent=17649"}],"wp:term":[{"taxonomy":"category","embeddable":true,"href":"https:\/\/sebastiantextiles.proyectowebs.com\/en\/wp-json\/wp\/v2\/categories?post=17649"},{"taxonomy":"post_tag","embeddable":true,"href":"https:\/\/sebastiantextiles.proyectowebs.com\/en\/wp-json\/wp\/v2\/tags?post=17649"}],"curies":[{"name":"wp","href":"https:\/\/api.w.org\/{rel}","templated":true}]}}