{"id":18283,"date":"2022-11-24T14:11:47","date_gmt":"2022-11-24T12:11:47","guid":{"rendered":"https:\/\/sebastiantextiles.com\/?p=18283"},"modified":"2023-05-23T09:46:59","modified_gmt":"2023-05-23T09:46:59","slug":"tendencias-color-otono-invierno-2024-2025","status":"publish","type":"post","link":"https:\/\/sebastiantextiles.proyectowebs.com\/en\/tendencias-color-otono-invierno-2024-2025\/","title":{"rendered":"Tendencias color Oto\u00f1o-Invierno 2024-2025"},"content":{"rendered":"\n<p class=\"wp-block-paragraph\">\u201cLa suspensi\u00f3n de la verdad real no elimina su eficacia simb\u00f3lica\u201d<br>Slovaj Zizek, 2021<\/p>\n\n\n\n<p class=\"wp-block-paragraph\">Escape<\/p>\n\n\n\n<p class=\"wp-block-paragraph\">Posverdad &#8211; Colapso emocional &#8211; Inestabilidad &#8211; Egocentrismo social &#8211; Realidad Sostenida &#8211; Espejismo- Positivismo on\u00edrico<\/p>\n\n\n\n<p class=\"wp-block-paragraph\">Nos encontramos en una etapa de transici\u00f3n, caracterizada por la consolidaci\u00f3n de una estructura social y cultural basada en lo que el fil\u00f3sofo Byung-Chul Han la denomina &#8220;r\u00e9gimen de la informaci\u00f3n&#8221;. Se trata de una forma de dominio institucional en el que la informaci\u00f3n y su procesamiento mediante algoritmos e inteligencia artificial determina de modo decisivo los procesos sociales, econ\u00f3micos y pol\u00edticos. As\u00ed podemos situar en el control de esta informaci\u00f3n la capacidad de crear nuevos artefactos simb\u00f3licos en los que se construye la base social que define nuestra convivencia.<\/p>\n\n\n\n<p class=\"wp-block-paragraph\">En este contexto, se plantean realidades opcionales, basadas en el manejo de la posverdad. A partir de aqu\u00ed, podemos ver como la alteraci\u00f3n de la informaci\u00f3n, convertida en contenidos emotivos, se utiliza para distorsionar la construcci\u00f3n de una realidad alternativa m\u00e1s asumible por el conjunto de los individuos. El efecto evasivo y anest\u00e9sico de este entorno es el que permite la aparici\u00f3n del metadiscursos basados en el egocentrismo social y la inestabilidad del sistema. Nuestra supervivencia depende entonces de la capacidad de controlar el colapso emocional al que nos enfrentamos y definir nuestra realidad en funci\u00f3n de aquello que es ef\u00edmero, pero que sin embargo no tiene l\u00edmites.<\/p>\n\n\n\n<p class=\"wp-block-paragraph\">Estamos ante la necesidad intriseca de buscar un cierto positivismo on\u00edrico que nos ayude a tener momentos de microfelicidad que no son m\u00e1s que el espejismo de lo que denominamos estabilidad social. En este contexto, el Escape de los individuos consiste en la b\u00fasqueda de un mundo alternativo que se presenta como un espacio arm\u00f3nico que promete generar discursos en los que no existe frontera entre la realidad tangible y la metarealidad.<\/p>\n\n\n\n<p class=\"wp-block-paragraph\">De estos conceptos surgen siete propuestas crom\u00e1ticas que representan la realidad de cambio sociocultural en la que nos encontramos.<\/p>\n\n\n\n<p class=\"wp-block-paragraph\">As\u00ed, la posverdad se plantea a trav\u00e9s de la presencia de tonos verdes que nos invitan a pensar en la cercan\u00eda de la informaci\u00f3n, pero que con la mezcla con el amarillo se contamina y deriva en un tono sucio que se transforma en un sin\u00f3nimo de lo oscuro. El granate final es el color que nos conduce a hablar de esa situaci\u00f3n de incertidumbre que provoca la informaci\u00f3n manipulada.<\/p>\n\n\n\n<p class=\"wp-block-paragraph\">Precisamente este tono granate nos conecta con la siguiente propuesta que se inicia con este mismo color, pero en el que la presencia del amarillo ha desaparecido. Tiende al rojo, lo que nos habla de pasi\u00f3n en sentido negativo, puesto que esta gama muestra la inestabilidad estructura de nuestra sociedad. Por eso, el granate se acompa\u00f1a de un tono beige, no puro, que habla de sensaciones. El azul cielo combinado con el azul noche se encargan de plantear un punto de inflexi\u00f3n que nos dirige a la siguiente carta.<\/p>\n\n\n\n<p class=\"wp-block-paragraph\">En esta ocasi\u00f3n, el azul noche, m\u00e1s profundo y sobre una textura suave y brillante, nos conduce a una propuesta de tonos muy s\u00f3lidos y contundentes que representan a la inestabilidad. De esta forma, el verde lima contrasta radicalmente con el azul noche y nos produce la sensaci\u00f3n de exaltaci\u00f3n que se confirma con la presencia de un naranja y rojo. La eficacia simb\u00f3lica de esta carta reside en la combinaci\u00f3n de colores imposibles que rompen con toda la din\u00e1mica de la estacionalidad y se sirven en materiales densos.<\/p>\n\n\n\n<p class=\"wp-block-paragraph\">Las emociones derivadas de la propuesta anterior, que finaliza en rojo, nos sit\u00faan en la nueva carta que tambi\u00e9n comienza con un tono carmes\u00ed que, aunque est\u00e1 representado en un material denso tambi\u00e9n, supone una bajada de intensidad interesante con relaci\u00f3n a su antecesor. De esta manera, comienza el descenso crom\u00e1tico que nos dirige pr\u00e1cticamente a la ausencia de color y en la que los materiales son los protagonistas. El final de la propuesta es un delirio visual en el que el volumen se suma a la textura y al color para crear una propuesta singular realizada solo para esta carta. Es en esta \u00faltima muestra es donde reside la singularidad del concepto de egocentrismo social que cierra la primera parte de nuestro concepto.<\/p>\n\n\n\n<p class=\"wp-block-paragraph\">Con realidad sostenida se abre una l\u00ednea diferente que nos habla sobre c\u00f3mo ante la situaci\u00f3n descrita anteriormente, los individuos buscamos una falsa estabilidad por encima de la adversidad. De esta forma, nos refugiamos en una suerte de paradoja en la que la b\u00fasqueda de peque\u00f1os momentos de felicidad y de desconexi\u00f3n son nuestro objetivo. As\u00ed, iniciamos la propuesta con un color naranja suave que nos habla de renovaci\u00f3n y rejuvenecimiento. A ella le siguen dos tonos interesantes plasmados a partir de un lila que nos acerca a la ruptura de los convencionalismos y un verde botella que confirma esa necesidad de evasi\u00f3n. El rosa final es fruto de la b\u00fasqueda intr\u00ednseca de momentos placenteros representados en el brillo.<\/p>\n\n\n\n<p class=\"wp-block-paragraph\">Sin embargo, estos momentos de microfelicidad son fugaces porque lo que hay detr\u00e1s de ellos no es m\u00e1s que un espejismo de lo que deber\u00eda ser la realidad. Este concepto se representa a partir de colores contaminados y aparentemente descuidados que nos sumergen en el reflejo de lo que existe en realidad en nuestro entorno.<\/p>\n\n\n\n<p class=\"wp-block-paragraph\">Todo ello nos invita a cuestionarnos si nuestra evasi\u00f3n no es m\u00e1s que la necesidad de una representaci\u00f3n on\u00edrica en la que so\u00f1amos con la esencia de lo que nos gustar\u00eda ser, de lo que nos inquieta. En este caso, la propuesta se representa a trav\u00e9s de colores que nos conducen a nuestra infancia con el predominio de los rosa, la fantas\u00eda del amarillo y el azul suave que nos remite al confort de una realidad que se escapa.<\/p>\n\n\n\n<figure class=\"wp-block-image size-full is-resized\"><img decoding=\"async\" src=\"https:\/\/sebastiantextiles.proyectowebs.com\/wp-content\/uploads\/2023\/05\/Mirage-728x1024-1.jpg\" alt=\"\" class=\"wp-image-22332\" width=\"730\" srcset=\"https:\/\/sebastiantextiles.proyectowebs.com\/wp-content\/uploads\/2023\/05\/Mirage-728x1024-1.jpg 728w, https:\/\/sebastiantextiles.proyectowebs.com\/wp-content\/uploads\/2023\/05\/Mirage-728x1024-1-213x300.jpg 213w, https:\/\/sebastiantextiles.proyectowebs.com\/wp-content\/uploads\/2023\/05\/Mirage-728x1024-1-600x844.jpg 600w\" sizes=\"(max-width: 728px) 100vw, 728px\" \/><\/figure>\n\n\n\n<figure class=\"wp-block-image size-full is-resized\"><img decoding=\"async\" src=\"https:\/\/sebastiantextiles.proyectowebs.com\/wp-content\/uploads\/2023\/05\/Crash-714x1024-1.jpg\" alt=\"\" class=\"wp-image-22333\" width=\"730\" srcset=\"https:\/\/sebastiantextiles.proyectowebs.com\/wp-content\/uploads\/2023\/05\/Crash-714x1024-1.jpg 714w, https:\/\/sebastiantextiles.proyectowebs.com\/wp-content\/uploads\/2023\/05\/Crash-714x1024-1-209x300.jpg 209w, https:\/\/sebastiantextiles.proyectowebs.com\/wp-content\/uploads\/2023\/05\/Crash-714x1024-1-600x861.jpg 600w\" sizes=\"(max-width: 714px) 100vw, 714px\" \/><\/figure>\n\n\n\n<figure class=\"wp-block-image size-full is-resized\"><img decoding=\"async\" src=\"https:\/\/sebastiantextiles.proyectowebs.com\/wp-content\/uploads\/2023\/05\/Treaat-723x1024-1.jpg\" alt=\"\" class=\"wp-image-22334\" width=\"730\" srcset=\"https:\/\/sebastiantextiles.proyectowebs.com\/wp-content\/uploads\/2023\/05\/Treaat-723x1024-1.jpg 723w, https:\/\/sebastiantextiles.proyectowebs.com\/wp-content\/uploads\/2023\/05\/Treaat-723x1024-1-212x300.jpg 212w, https:\/\/sebastiantextiles.proyectowebs.com\/wp-content\/uploads\/2023\/05\/Treaat-723x1024-1-600x850.jpg 600w\" sizes=\"(max-width: 723px) 100vw, 723px\" \/><\/figure>\n\n\n\n<figure class=\"wp-block-image size-full is-resized\"><img decoding=\"async\" src=\"https:\/\/sebastiantextiles.proyectowebs.com\/wp-content\/uploads\/2023\/05\/Thruthelens-720x1024-1.jpg\" alt=\"\" class=\"wp-image-22335\" width=\"730\" srcset=\"https:\/\/sebastiantextiles.proyectowebs.com\/wp-content\/uploads\/2023\/05\/Thruthelens-720x1024-1.jpg 720w, https:\/\/sebastiantextiles.proyectowebs.com\/wp-content\/uploads\/2023\/05\/Thruthelens-720x1024-1-211x300.jpg 211w, https:\/\/sebastiantextiles.proyectowebs.com\/wp-content\/uploads\/2023\/05\/Thruthelens-720x1024-1-600x853.jpg 600w\" sizes=\"(max-width: 720px) 100vw, 720px\" \/><\/figure>\n\n\n\n<figure class=\"wp-block-image size-full is-resized\"><img decoding=\"async\" src=\"https:\/\/sebastiantextiles.proyectowebs.com\/wp-content\/uploads\/2023\/05\/Abyss-Watcher-726x1024-1.jpg\" alt=\"\" class=\"wp-image-22336\" width=\"730\" srcset=\"https:\/\/sebastiantextiles.proyectowebs.com\/wp-content\/uploads\/2023\/05\/Abyss-Watcher-726x1024-1.jpg 726w, https:\/\/sebastiantextiles.proyectowebs.com\/wp-content\/uploads\/2023\/05\/Abyss-Watcher-726x1024-1-213x300.jpg 213w, https:\/\/sebastiantextiles.proyectowebs.com\/wp-content\/uploads\/2023\/05\/Abyss-Watcher-726x1024-1-600x846.jpg 600w\" sizes=\"(max-width: 726px) 100vw, 726px\" \/><\/figure>\n\n\n\n<figure class=\"wp-block-image size-full is-resized\"><img decoding=\"async\" src=\"https:\/\/sebastiantextiles.proyectowebs.com\/wp-content\/uploads\/2023\/05\/Vainglory-733x1024-1.jpg\" alt=\"\" class=\"wp-image-22337\" width=\"730\" srcset=\"https:\/\/sebastiantextiles.proyectowebs.com\/wp-content\/uploads\/2023\/05\/Vainglory-733x1024-1.jpg 733w, https:\/\/sebastiantextiles.proyectowebs.com\/wp-content\/uploads\/2023\/05\/Vainglory-733x1024-1-215x300.jpg 215w, https:\/\/sebastiantextiles.proyectowebs.com\/wp-content\/uploads\/2023\/05\/Vainglory-733x1024-1-600x838.jpg 600w\" sizes=\"(max-width: 733px) 100vw, 733px\" \/><\/figure>\n\n\n\n<figure class=\"wp-block-image size-full is-resized\"><img decoding=\"async\" src=\"https:\/\/sebastiantextiles.proyectowebs.com\/wp-content\/uploads\/2023\/05\/unsettled-002-784x1024-1.jpg\" alt=\"\" class=\"wp-image-22338\" width=\"730\" srcset=\"https:\/\/sebastiantextiles.proyectowebs.com\/wp-content\/uploads\/2023\/05\/unsettled-002-784x1024-1.jpg 784w, https:\/\/sebastiantextiles.proyectowebs.com\/wp-content\/uploads\/2023\/05\/unsettled-002-784x1024-1-230x300.jpg 230w, https:\/\/sebastiantextiles.proyectowebs.com\/wp-content\/uploads\/2023\/05\/unsettled-002-784x1024-1-768x1003.jpg 768w, https:\/\/sebastiantextiles.proyectowebs.com\/wp-content\/uploads\/2023\/05\/unsettled-002-784x1024-1-600x784.jpg 600w\" sizes=\"(max-width: 784px) 100vw, 784px\" \/><\/figure>\n\n\n<style>.kb-row-layout-id_c0149b-20 > .kt-row-column-wrap{align-content:center;}:where(.kb-row-layout-id_c0149b-20 > .kt-row-column-wrap) > .wp-block-kadence-column{justify-content:center;}.kb-row-layout-id_c0149b-20 > .kt-row-column-wrap{column-gap:var(--global-kb-gap-md, 2rem);row-gap:var(--global-kb-gap-md, 2rem);padding-top:var(--global-kb-spacing-sm, 1.5rem);padding-bottom:var(--global-kb-spacing-sm, 1.5rem);grid-template-columns:minmax(0, 1fr) minmax(0, 2fr);}.kb-row-layout-id_c0149b-20 > .kt-row-layout-overlay{opacity:0.30;}@media all and (max-width: 1024px){.kb-row-layout-id_c0149b-20 > .kt-row-column-wrap{grid-template-columns:minmax(0, 1fr) minmax(0, 2fr);}}@media all and (max-width: 767px){.kb-row-layout-id_c0149b-20 > .kt-row-column-wrap{grid-template-columns:minmax(0, 1fr);}}<\/style><div class=\"kb-row-layout-wrap kb-row-layout-id_c0149b-20 alignnone wp-block-kadence-rowlayout\"><div class=\"kt-row-column-wrap kt-has-2-columns kt-row-layout-right-golden kt-tab-layout-inherit kt-mobile-layout-row kt-row-valign-middle\">\n<style>.kadence-column_caac9f-cc > .kt-inside-inner-col,.kadence-column_caac9f-cc > .kt-inside-inner-col:before{border-top-left-radius:0px;border-top-right-radius:0px;border-bottom-right-radius:0px;border-bottom-left-radius:0px;}.kadence-column_caac9f-cc > .kt-inside-inner-col{column-gap:var(--global-kb-gap-sm, 1rem);}.kadence-column_caac9f-cc > .kt-inside-inner-col{flex-direction:column;}.kadence-column_caac9f-cc > .kt-inside-inner-col > .aligncenter{width:100%;}.kadence-column_caac9f-cc > .kt-inside-inner-col:before{opacity:0.3;}.kadence-column_caac9f-cc{position:relative;}@media all and (max-width: 1024px){.kadence-column_caac9f-cc > .kt-inside-inner-col{flex-direction:column;justify-content:center;}}@media all and (max-width: 767px){.kadence-column_caac9f-cc > .kt-inside-inner-col{flex-direction:column;justify-content:center;}}<\/style>\n<div class=\"wp-block-kadence-column kadence-column_caac9f-cc\"><div class=\"kt-inside-inner-col\">\n<figure class=\"wp-block-image\"><img decoding=\"async\" src=\"https:\/\/sebastiantextiles.com\/wp-content\/uploads\/2021\/04\/Encarna-300x293.jpg\" alt=\"Encarna Ruiz Molina\" class=\"wp-image-6427\"\/><\/figure>\n\n\n\n<figure class=\"wp-block-image\"><img decoding=\"async\" src=\"https:\/\/sebastiantextiles.com\/wp-content\/uploads\/2021\/04\/2.png\" alt=\"ESDI\" class=\"wp-image-6427\"\/><\/figure>\n<\/div><\/div>\n\n\n<style>.kadence-column_f27709-a5 > .kt-inside-inner-col,.kadence-column_f27709-a5 > .kt-inside-inner-col:before{border-top-left-radius:0px;border-top-right-radius:0px;border-bottom-right-radius:0px;border-bottom-left-radius:0px;}.kadence-column_f27709-a5 > .kt-inside-inner-col{column-gap:var(--global-kb-gap-sm, 1rem);}.kadence-column_f27709-a5 > .kt-inside-inner-col{flex-direction:column;}.kadence-column_f27709-a5 > .kt-inside-inner-col > .aligncenter{width:100%;}.kadence-column_f27709-a5 > .kt-inside-inner-col:before{opacity:0.3;}.kadence-column_f27709-a5{position:relative;}@media all and (max-width: 1024px){.kadence-column_f27709-a5 > .kt-inside-inner-col{flex-direction:column;justify-content:center;}}@media all and (max-width: 767px){.kadence-column_f27709-a5 > .kt-inside-inner-col{flex-direction:column;justify-content:center;}}<\/style>\n<div class=\"wp-block-kadence-column kadence-column_f27709-a5\"><div class=\"kt-inside-inner-col\">\n<p class=\"wp-block-paragraph\"><strong>Doctora Encarna Ruiz Molina<\/strong><br><strong>Directora del Departamento Universitario de Teor\u00eda y An\u00e1lisis del Dise\u00f1o<\/strong><br><strong>ESDi- Universitat Ramon Llull<\/strong><\/p>\n<\/div><\/div>\n\n<\/div><\/div>","protected":false},"excerpt":{"rendered":"<p>ESDi Escuela Superior de Dise\u00f1o organiz\u00f3 el Congreso Internacional de Color #Intercolor en Barcelona representando a Espa\u00f1a.<\/p>\n","protected":false},"author":1,"featured_media":22330,"comment_status":"closed","ping_status":"closed","sticky":false,"template":"","format":"standard","meta":{"_acf_changed":false,"_kad_blocks_custom_css":"","_kad_blocks_head_custom_js":"","_kad_blocks_body_custom_js":"","_kad_blocks_footer_custom_js":"","_kad_post_transparent":"","_kad_post_title":"","_kad_post_layout":"","_kad_post_sidebar_id":"","_kad_post_content_style":"","_kad_post_vertical_padding":"","_kad_post_feature":"","_kad_post_feature_position":"","_kad_post_header":false,"_kad_post_footer":false,"footnotes":""},"categories":[1],"tags":[],"class_list":["post-18283","post","type-post","status-publish","format-standard","has-post-thumbnail","hentry","category-sin-categorizar"],"acf":[],"taxonomy_info":{"category":[{"value":1,"label":"News"}]},"featured_image_src_large":["https:\/\/sebastiantextiles.proyectowebs.com\/wp-content\/uploads\/2022\/11\/Diseno-sin-titulo-2-1.png",850,500,false],"author_info":{"display_name":"soporte","author_link":"https:\/\/sebastiantextiles.proyectowebs.com\/en\/author\/soporte\/"},"comment_info":0,"category_info":[{"term_id":1,"name":"News","slug":"sin-categorizar","term_group":0,"term_taxonomy_id":1,"taxonomy":"category","description":"","parent":0,"count":22,"filter":"raw","cat_ID":1,"category_count":22,"category_description":"","cat_name":"News","category_nicename":"sin-categorizar","category_parent":0}],"tag_info":false,"_links":{"self":[{"href":"https:\/\/sebastiantextiles.proyectowebs.com\/en\/wp-json\/wp\/v2\/posts\/18283","targetHints":{"allow":["GET"]}}],"collection":[{"href":"https:\/\/sebastiantextiles.proyectowebs.com\/en\/wp-json\/wp\/v2\/posts"}],"about":[{"href":"https:\/\/sebastiantextiles.proyectowebs.com\/en\/wp-json\/wp\/v2\/types\/post"}],"author":[{"embeddable":true,"href":"https:\/\/sebastiantextiles.proyectowebs.com\/en\/wp-json\/wp\/v2\/users\/1"}],"replies":[{"embeddable":true,"href":"https:\/\/sebastiantextiles.proyectowebs.com\/en\/wp-json\/wp\/v2\/comments?post=18283"}],"version-history":[{"count":0,"href":"https:\/\/sebastiantextiles.proyectowebs.com\/en\/wp-json\/wp\/v2\/posts\/18283\/revisions"}],"wp:featuredmedia":[{"embeddable":true,"href":"https:\/\/sebastiantextiles.proyectowebs.com\/en\/wp-json\/wp\/v2\/media\/22330"}],"wp:attachment":[{"href":"https:\/\/sebastiantextiles.proyectowebs.com\/en\/wp-json\/wp\/v2\/media?parent=18283"}],"wp:term":[{"taxonomy":"category","embeddable":true,"href":"https:\/\/sebastiantextiles.proyectowebs.com\/en\/wp-json\/wp\/v2\/categories?post=18283"},{"taxonomy":"post_tag","embeddable":true,"href":"https:\/\/sebastiantextiles.proyectowebs.com\/en\/wp-json\/wp\/v2\/tags?post=18283"}],"curies":[{"name":"wp","href":"https:\/\/api.w.org\/{rel}","templated":true}]}}