{"id":18763,"date":"2023-01-19T16:17:05","date_gmt":"2023-01-19T14:17:05","guid":{"rendered":"https:\/\/sebastiantextiles.com\/?p=18763"},"modified":"2023-05-23T09:45:53","modified_gmt":"2023-05-23T09:45:53","slug":"el-color-y-la-ruptura-de-la-estacionalidad","status":"publish","type":"post","link":"https:\/\/sebastiantextiles.proyectowebs.com\/en\/el-color-y-la-ruptura-de-la-estacionalidad\/","title":{"rendered":"El Color y la ruptura de la estacionalidad"},"content":{"rendered":"\n<p class=\"wp-block-paragraph\">Tradicionalmente, el color en la indumentaria se ha asociado a la temporalidad. De esta manera los tonos oscuros se vinculaban con el invierno y los d\u00edas de oto\u00f1o, mientras que los m\u00e1s claros eran destinados a las prendas primaverales y el verano. La luz de los meses m\u00e1s c\u00e1lidos se presentaba de esta manera como una explosi\u00f3n de emociones que ten\u00edan una relaci\u00f3n directa con las gamas crom\u00e1ticas que eleg\u00edamos a la hora de vestirnos.<\/p>\n\n\n\n<p class=\"wp-block-paragraph\">Sin embargo, esta l\u00f3gica se rompe durante los primeros a\u00f1os del siglo XXI, en las que comenzamos a perder el concepto de temporada para referirnos al color. Esto se debe a dos causas. Por una parte, el \u00e9xito de las redes sociales y la aparici\u00f3n atemporal de im\u00e1genes en las que lo importante es la implicaci\u00f3n emocional de los protagonistas. El impacto de instant\u00e1neas llenas de color y de prendas donde las gamas crom\u00e1ticas tienen una fuerza extraordinaria, hace que el dise\u00f1o de textil se contagie r\u00e1pidamente por la necesidad de impregnar sus propuestas de tonos m\u00e1s alegres, aplicados a todo tipo de materiales y durante todos los meses del a\u00f1o.<\/p>\n\n\n\n<p class=\"wp-block-paragraph\">Por otra parte, el fast fashion ha dado lugar a una situaci\u00f3n de renovaci\u00f3n continua de las propuestas de prenda, en las que el color se plantea como un rasgo distintivo extraordinario. Se trabaja tan r\u00e1pido y est\u00e1 todo tan intr\u00ednsecamente ligado que es dif\u00edcil no hacerlo de manera progresiva. Por eso no hay cambios radicales entre las dos temporadas en las que se divide el a\u00f1o natural.<\/p>\n\n\n\n<p class=\"wp-block-paragraph\">En este proceso de p\u00e9rdida de la estacionalidad del color, hay otro elemento determinante: el concepto de armon\u00edas. Los colores funcionan en relaci\u00f3n con los dem\u00e1s tonos con los que conviven en prenda o en un look concreto. Esto se denomina comunicaci\u00f3n del color y es importante que sepamos que existen tendencias de armon\u00eda igual que existen tendencias de color. Por eso las cartas crom\u00e1ticas tienen siempre que contemplar la armon\u00eda entre los diferentes tonos que se proponen. La proporci\u00f3n de color que tiene una armon\u00eda es el elemento m\u00e1s importante en este tipo de propuestas. En este sentido, tambi\u00e9n podemos decir que hemos roto la estacionalidad para las armon\u00edas de color.<\/p>\n\n\n\n<p class=\"wp-block-paragraph\">As\u00ed, las colecciones de invierto en estos \u00faltimos a\u00f1os se han desarrollado con gamas crom\u00e1ticas muy intensas y llenas de colores muy vibrantes que anteriormente s\u00f3lo se utilizaban en las colecciones de verano. Al utilizar materiales invernales, la combinaci\u00f3n de color con tejidos de esta naturaleza es muy interesante porque los efectos que generan a nivel visual son muy diferentes.<\/p>\n\n\n\n<p class=\"wp-block-paragraph\">Este fen\u00f3meno provoca que en pleno mes de diciembre veamos nuestros escaparates llenos de abrigos realizados en pa\u00f1er\u00eda de color Viva Magenta, el tono elegido por Pantone como Color del a\u00f1o 2023. O que jers\u00e9is de punto de color naranja aparezcan en nuestro imaginario como una alternativa posible a los tonos oscuros de otras \u00e9pocas.<\/p>\n\n\n\n<p class=\"wp-block-paragraph\">Durante el Encuentro de la Asociaci\u00f3n Internacional del Color Intercolor, celebrado en Barcelona los d\u00edas 16, 17 y 18 de noviembre de 2022, los miembros de este grupo que analiza y diagn\u00f3stica colores que despu\u00e9s llega al mercado, decidi\u00f3 eliminar la designaci\u00f3n de la temporada de sus cartas de Color. Para Intercolor ya no trabajamos con la temporada primavera\/verano u oto\u00f1o\/invierno. Sencillamente existen dos cartas de color anuales que permiten a la industria encontrar las gamas crom\u00e1ticas que mejor se adapten al tipo de producto, servicio y experiencia que produzca. Y, al mismo tiempo, que defina las condiciones pol\u00edticas, sociales y econ\u00f3micas en las que nos encontramos en cada momento. Recordemos que el Color es un medidor de las tensiones sociales y culturales y cada tono tiene un importante valor psicoemocional para las personas.<\/p>\n\n\n\n<p class=\"wp-block-paragraph\">En Barcelona, trabajamos las cartas para el a\u00f1o 2024-2 en la que empleamos tejidos propios de las estaciones fr\u00edas, pero a los que hemos proporcionado tonalidades que en otras \u00e9pocas corresponder\u00edan a los meses c\u00e1lidos. Los naranjas y los amarillos, como tonos que nos invitan a la renovaci\u00f3n y a la reafirmaci\u00f3n de la jovialidad y la juventud, ser\u00e1n los protagonistas de la temporada. Este a\u00f1o 2023, como ya hemos se\u00f1alado, nos encontraremos con el Magenta. Se trata de un tono necesario en un invierno termom\u00e9tricamente alterado por el cambio clim\u00e1tico, y definido por una importante crisis pol\u00edtica internacional. El Magenta es un color positivo, que nos remite a emociones placenteras y que se relaciona con la supervivencia. \u00bfTe atreves a usarlo?<\/p>\n\n\n\n<p class=\"wp-block-paragraph\">Foto 1: Viva Magenta. Pantone 18-1750<\/p>\n\n\n\n<figure class=\"wp-block-image size-full is-resized\"><img decoding=\"async\" src=\"https:\/\/sebastiantextiles.proyectowebs.com\/wp-content\/uploads\/2023\/01\/21-foto-1.jpg\" alt=\"\" class=\"wp-image-22345\" width=\"730\" srcset=\"https:\/\/sebastiantextiles.proyectowebs.com\/wp-content\/uploads\/2023\/01\/21-foto-1.jpg 563w, https:\/\/sebastiantextiles.proyectowebs.com\/wp-content\/uploads\/2023\/01\/21-foto-1-300x200.jpg 300w\" sizes=\"(max-width: 563px) 100vw, 563px\" \/><\/figure>\n\n\n\n<p class=\"wp-block-paragraph\">Fuente: design-milk.com<br>Foto 2: Valentino, 2022<\/p>\n\n\n\n<figure class=\"wp-block-image size-full is-resized\"><img decoding=\"async\" src=\"https:\/\/sebastiantextiles.proyectowebs.com\/wp-content\/uploads\/2023\/05\/21-rosa.jpg\" alt=\"\" class=\"wp-image-22347\" width=\"730\" srcset=\"https:\/\/sebastiantextiles.proyectowebs.com\/wp-content\/uploads\/2023\/05\/21-rosa.jpg 564w, https:\/\/sebastiantextiles.proyectowebs.com\/wp-content\/uploads\/2023\/05\/21-rosa-200x300.jpg 200w\" sizes=\"(max-width: 564px) 100vw, 564px\" \/><\/figure>\n\n\n<style>.kb-row-layout-id_c0149b-20 > .kt-row-column-wrap{align-content:center;}:where(.kb-row-layout-id_c0149b-20 > .kt-row-column-wrap) > .wp-block-kadence-column{justify-content:center;}.kb-row-layout-id_c0149b-20 > .kt-row-column-wrap{column-gap:var(--global-kb-gap-md, 2rem);row-gap:var(--global-kb-gap-md, 2rem);padding-top:var(--global-kb-spacing-sm, 1.5rem);padding-bottom:var(--global-kb-spacing-sm, 1.5rem);grid-template-columns:minmax(0, 1fr) minmax(0, 2fr);}.kb-row-layout-id_c0149b-20 > .kt-row-layout-overlay{opacity:0.30;}@media all and (max-width: 1024px){.kb-row-layout-id_c0149b-20 > .kt-row-column-wrap{grid-template-columns:minmax(0, 1fr) minmax(0, 2fr);}}@media all and (max-width: 767px){.kb-row-layout-id_c0149b-20 > .kt-row-column-wrap{grid-template-columns:minmax(0, 1fr);}}<\/style><div class=\"kb-row-layout-wrap kb-row-layout-id_c0149b-20 alignnone wp-block-kadence-rowlayout\"><div class=\"kt-row-column-wrap kt-has-2-columns kt-row-layout-right-golden kt-tab-layout-inherit kt-mobile-layout-row kt-row-valign-middle\">\n<style>.kadence-column_caac9f-cc > .kt-inside-inner-col,.kadence-column_caac9f-cc > .kt-inside-inner-col:before{border-top-left-radius:0px;border-top-right-radius:0px;border-bottom-right-radius:0px;border-bottom-left-radius:0px;}.kadence-column_caac9f-cc > .kt-inside-inner-col{column-gap:var(--global-kb-gap-sm, 1rem);}.kadence-column_caac9f-cc > .kt-inside-inner-col{flex-direction:column;}.kadence-column_caac9f-cc > .kt-inside-inner-col > .aligncenter{width:100%;}.kadence-column_caac9f-cc > .kt-inside-inner-col:before{opacity:0.3;}.kadence-column_caac9f-cc{position:relative;}@media all and (max-width: 1024px){.kadence-column_caac9f-cc > .kt-inside-inner-col{flex-direction:column;justify-content:center;}}@media all and (max-width: 767px){.kadence-column_caac9f-cc > .kt-inside-inner-col{flex-direction:column;justify-content:center;}}<\/style>\n<div class=\"wp-block-kadence-column kadence-column_caac9f-cc\"><div class=\"kt-inside-inner-col\">\n<figure class=\"wp-block-image\"><img decoding=\"async\" src=\"https:\/\/sebastiantextiles.com\/wp-content\/uploads\/2021\/04\/Encarna-300x293.jpg\" alt=\"Encarna Ruiz Molina\" class=\"wp-image-6427\"\/><\/figure>\n\n\n\n<figure class=\"wp-block-image\"><img decoding=\"async\" src=\"https:\/\/sebastiantextiles.com\/wp-content\/uploads\/2021\/04\/2.png\" alt=\"ESDI\" class=\"wp-image-6427\"\/><\/figure>\n<\/div><\/div>\n\n\n<style>.kadence-column_f27709-a5 > .kt-inside-inner-col,.kadence-column_f27709-a5 > .kt-inside-inner-col:before{border-top-left-radius:0px;border-top-right-radius:0px;border-bottom-right-radius:0px;border-bottom-left-radius:0px;}.kadence-column_f27709-a5 > .kt-inside-inner-col{column-gap:var(--global-kb-gap-sm, 1rem);}.kadence-column_f27709-a5 > .kt-inside-inner-col{flex-direction:column;}.kadence-column_f27709-a5 > .kt-inside-inner-col > .aligncenter{width:100%;}.kadence-column_f27709-a5 > .kt-inside-inner-col:before{opacity:0.3;}.kadence-column_f27709-a5{position:relative;}@media all and (max-width: 1024px){.kadence-column_f27709-a5 > .kt-inside-inner-col{flex-direction:column;justify-content:center;}}@media all and (max-width: 767px){.kadence-column_f27709-a5 > .kt-inside-inner-col{flex-direction:column;justify-content:center;}}<\/style>\n<div class=\"wp-block-kadence-column kadence-column_f27709-a5\"><div class=\"kt-inside-inner-col\">\n<p class=\"wp-block-paragraph\"><strong>Doctora Encarna Ruiz Molina<\/strong><br><strong>Directora del Departamento Universitario de Teor\u00eda y An\u00e1lisis del Dise\u00f1o<\/strong><br><strong>ESDi- Universitat Ramon Llull<\/strong><\/p>\n<\/div><\/div>\n\n<\/div><\/div>","protected":false},"excerpt":{"rendered":"<p>El Magenta es un color positivo, que nos remite a emociones placenteras y que se relaciona con la supervivencia. <\/p>\n","protected":false},"author":1,"featured_media":22345,"comment_status":"closed","ping_status":"closed","sticky":false,"template":"","format":"standard","meta":{"_acf_changed":false,"_kad_blocks_custom_css":"","_kad_blocks_head_custom_js":"","_kad_blocks_body_custom_js":"","_kad_blocks_footer_custom_js":"","_kad_post_transparent":"","_kad_post_title":"","_kad_post_layout":"","_kad_post_sidebar_id":"","_kad_post_content_style":"","_kad_post_vertical_padding":"","_kad_post_feature":"","_kad_post_feature_position":"","_kad_post_header":false,"_kad_post_footer":false,"footnotes":""},"categories":[1],"tags":[],"class_list":["post-18763","post","type-post","status-publish","format-standard","has-post-thumbnail","hentry","category-sin-categorizar"],"acf":[],"taxonomy_info":{"category":[{"value":1,"label":"News"}]},"featured_image_src_large":["https:\/\/sebastiantextiles.proyectowebs.com\/wp-content\/uploads\/2023\/01\/21-foto-1.jpg",563,375,false],"author_info":{"display_name":"soporte","author_link":"https:\/\/sebastiantextiles.proyectowebs.com\/en\/author\/soporte\/"},"comment_info":0,"category_info":[{"term_id":1,"name":"News","slug":"sin-categorizar","term_group":0,"term_taxonomy_id":1,"taxonomy":"category","description":"","parent":0,"count":22,"filter":"raw","cat_ID":1,"category_count":22,"category_description":"","cat_name":"News","category_nicename":"sin-categorizar","category_parent":0}],"tag_info":false,"_links":{"self":[{"href":"https:\/\/sebastiantextiles.proyectowebs.com\/en\/wp-json\/wp\/v2\/posts\/18763","targetHints":{"allow":["GET"]}}],"collection":[{"href":"https:\/\/sebastiantextiles.proyectowebs.com\/en\/wp-json\/wp\/v2\/posts"}],"about":[{"href":"https:\/\/sebastiantextiles.proyectowebs.com\/en\/wp-json\/wp\/v2\/types\/post"}],"author":[{"embeddable":true,"href":"https:\/\/sebastiantextiles.proyectowebs.com\/en\/wp-json\/wp\/v2\/users\/1"}],"replies":[{"embeddable":true,"href":"https:\/\/sebastiantextiles.proyectowebs.com\/en\/wp-json\/wp\/v2\/comments?post=18763"}],"version-history":[{"count":0,"href":"https:\/\/sebastiantextiles.proyectowebs.com\/en\/wp-json\/wp\/v2\/posts\/18763\/revisions"}],"wp:featuredmedia":[{"embeddable":true,"href":"https:\/\/sebastiantextiles.proyectowebs.com\/en\/wp-json\/wp\/v2\/media\/22345"}],"wp:attachment":[{"href":"https:\/\/sebastiantextiles.proyectowebs.com\/en\/wp-json\/wp\/v2\/media?parent=18763"}],"wp:term":[{"taxonomy":"category","embeddable":true,"href":"https:\/\/sebastiantextiles.proyectowebs.com\/en\/wp-json\/wp\/v2\/categories?post=18763"},{"taxonomy":"post_tag","embeddable":true,"href":"https:\/\/sebastiantextiles.proyectowebs.com\/en\/wp-json\/wp\/v2\/tags?post=18763"}],"curies":[{"name":"wp","href":"https:\/\/api.w.org\/{rel}","templated":true}]}}