{"id":6424,"date":"2021-04-07T09:39:18","date_gmt":"2021-04-07T08:39:18","guid":{"rendered":"https:\/\/sebastiantextiles.com\/?p=6424"},"modified":"2023-05-23T08:20:25","modified_gmt":"2023-05-23T08:20:25","slug":"diseno-en-el-era-pospandemia","status":"publish","type":"post","link":"https:\/\/sebastiantextiles.proyectowebs.com\/en\/diseno-en-el-era-pospandemia\/","title":{"rendered":"Dise\u00f1o en el era pospandemia"},"content":{"rendered":"\n<p class=\"wp-block-paragraph\"><strong><em>Dise\u00f1o en la era pospandemia<\/em><\/strong><\/p>\n\n\n\n<p class=\"wp-block-paragraph\">El tejido sobre el que hab\u00edamos construido nuestra vida cotidiana se ha transformado en menos de un a\u00f1o. Como si de una obra de ficci\u00f3n se tratara, la Pandemia nos ubica en una sensaci\u00f3n de incertidumbre y desconcierto s\u00f3lo descrita en las novelas de J.G. Ballard. &nbsp;Asistimos a un episodio de nuestra Historia que nos describe un innegable cambio de ciclo en el que las circunstancias a las que nuestra vida r\u00e1pida nos ha trasladado, aceleradas por la presencia de Covid 19, deben replantearse. &nbsp;Esta situaci\u00f3n nos conduce a una modificaci\u00f3n de los relatos sociales que se defin\u00edan a partir del fen\u00f3meno del hiperconsumo como sost\u00e9n del progreso y el desarrollo. As\u00ed, las corporaciones sociales, pol\u00edticas y econ\u00f3micas se ven obligadas a replantear la forma en la que concebimos y hacemos las cosas.<\/p>\n\n\n\n<p class=\"wp-block-paragraph\">En este tiempo de pandemia han comenzado a surgir nuevos discursos que apuestan por una toma de conciencia de todos aquellos factores que han dado lugar al agotamiento del planeta. La sostenibilidad social y medioambiental&nbsp;ahora comienza a ser un objeto primordial, no una alternativa.<\/p>\n\n\n\n<p class=\"wp-block-paragraph\">En este contexto, no ser\u00eda descabellado construir nuestro relato social entorno a un racionalismo sostenible y local en la que el Dise\u00f1o sea el eje vertebrador.&nbsp; En este sentido, dec\u00eda Ra\u00fal Belluccia<a href=\"#_ftn1\" name=\"_ftnref1\">[1]<\/a> que las sociedades que no incorporan Dise\u00f1o en su forma de generar productos, servicios y experiencias dif\u00edcilmente podr\u00e1n progresar de forma coherente. En la era poscoronavirus, esta disciplina es una herramienta clave que permitir\u00e1 dar respuesta a todas las necesidades de esa sociedad que busca ser m\u00e1s eficiente desde el punto de vista ambiental, econ\u00f3mico y relacional.<\/p>\n\n\n\n<p class=\"wp-block-paragraph\">En tanto que disciplina que se define por la acci\u00f3n, por hacer cosas y buscar soluciones a las certidumbres de lo cotidiano, el dise\u00f1o es clave. Un ejemplo de esto es el hecho de que, en plena crisis, ha sido determinante a la hora de buscar soluciones a la falta de material sanitario de primera necesidad. En Espa\u00f1a, por ejemplo, la ausencia de respiradores artificiales en la primera ola de la Pandemia hizo que empresas de automoci\u00f3n como Seat y centros tecnol\u00f3gicos como Leitat se unieran para fabricar modelos expr\u00e9s que salvaron muchas vidas. En este caso, Tecnolog\u00eda y Dise\u00f1o permitieron minimizar en tiempo r\u00e9cord los efectos derivados de las carencias que presentaban las Unidades de Cuidados Intensivos.&nbsp; En este contexto, la fabricaci\u00f3n 3D tambi\u00e9n se convirti\u00f3 en clave para el desarrollo de viseras y gafas para proteger al personal sanitario y los dise\u00f1os de estos productos han impulsado una de las acciones solidarias m\u00e1s interesantes que hemos vivido en estos tiempos extra\u00f1os.<\/p>\n\n\n\n<p class=\"wp-block-paragraph\">Esto son s\u00f3lo ejemplos de la importancia que tiene el Dise\u00f1o como disciplina en la creaci\u00f3n de soluciones y de gestor de solidaridad social. Si unimos ambos conceptos, nos acercamos a la indiscutible funci\u00f3n social del Dise\u00f1o.&nbsp; Noberto Chaves<a href=\"#_ftn2\" name=\"_ftnref2\">[2]<\/a> dec\u00eda que se genera porque todo lo que el Dise\u00f1o produce va dirigido a la sociedad e incide en ella, y busca facilitar la integraci\u00f3n de las personas y solucionar problemas cotidianos.<\/p>\n\n\n\n<p class=\"wp-block-paragraph\">Por esta raz\u00f3n, el Dise\u00f1o debe interpretarse como el mediador entre una comunidad de individuos y el sistema sociopol\u00edtico que la gestiona. Se trata pues de una disciplina capaz de plantear soluciones que permitan recuperar la seguridad ciudadana y la credibilidad en el sistema, debilitado por las diferentes crisis que se han derivado de la Pandemia.<\/p>\n\n\n\n<p class=\"wp-block-paragraph\">El Dise\u00f1o y su capacidad transformadora son pues el mecanismo que ayudar\u00e1 a la comunidad poscoronavirus a generar nuevos relatos sociales basados en la b\u00fasqueda de productos, servicios y experiencias que sean m\u00e1s solidarios y sostenibles. La reindustrializaci\u00f3n de pa\u00edses como Espa\u00f1a o M\u00e9xico, a partir de la l\u00f3gica de la industria 4.0 y de la producci\u00f3n local, tambi\u00e9n tendr\u00e1 en el Dise\u00f1o Social un aliado fundamental.<\/p>\n\n\n<style>.kb-row-layout-id_c0149b-20 > .kt-row-column-wrap{align-content:center;}:where(.kb-row-layout-id_c0149b-20 > .kt-row-column-wrap) > .wp-block-kadence-column{justify-content:center;}.kb-row-layout-id_c0149b-20 > .kt-row-column-wrap{column-gap:var(--global-kb-gap-md, 2rem);row-gap:var(--global-kb-gap-md, 2rem);padding-top:var(--global-kb-spacing-sm, 1.5rem);padding-bottom:var(--global-kb-spacing-sm, 1.5rem);grid-template-columns:minmax(0, 1fr) minmax(0, 2fr);}.kb-row-layout-id_c0149b-20 > .kt-row-layout-overlay{opacity:0.30;}@media all and (max-width: 1024px){.kb-row-layout-id_c0149b-20 > .kt-row-column-wrap{grid-template-columns:minmax(0, 1fr) minmax(0, 2fr);}}@media all and (max-width: 767px){.kb-row-layout-id_c0149b-20 > .kt-row-column-wrap{grid-template-columns:minmax(0, 1fr);}}<\/style><div class=\"kb-row-layout-wrap kb-row-layout-id_c0149b-20 alignnone wp-block-kadence-rowlayout\"><div class=\"kt-row-column-wrap kt-has-2-columns kt-row-layout-right-golden kt-tab-layout-inherit kt-mobile-layout-row kt-row-valign-middle\">\n<style>.kadence-column_caac9f-cc > .kt-inside-inner-col,.kadence-column_caac9f-cc > .kt-inside-inner-col:before{border-top-left-radius:0px;border-top-right-radius:0px;border-bottom-right-radius:0px;border-bottom-left-radius:0px;}.kadence-column_caac9f-cc > .kt-inside-inner-col{column-gap:var(--global-kb-gap-sm, 1rem);}.kadence-column_caac9f-cc > .kt-inside-inner-col{flex-direction:column;}.kadence-column_caac9f-cc > .kt-inside-inner-col > .aligncenter{width:100%;}.kadence-column_caac9f-cc > .kt-inside-inner-col:before{opacity:0.3;}.kadence-column_caac9f-cc{position:relative;}@media all and (max-width: 1024px){.kadence-column_caac9f-cc > .kt-inside-inner-col{flex-direction:column;justify-content:center;}}@media all and (max-width: 767px){.kadence-column_caac9f-cc > .kt-inside-inner-col{flex-direction:column;justify-content:center;}}<\/style>\n<div class=\"wp-block-kadence-column kadence-column_caac9f-cc\"><div class=\"kt-inside-inner-col\">\n<figure class=\"wp-block-image\"><img decoding=\"async\" src=\"https:\/\/sebastiantextiles.com\/wp-content\/uploads\/2021\/04\/Encarna-300x293.jpg\" alt=\"Encarna Ruiz Molina\" class=\"wp-image-6427\"\/><\/figure>\n\n\n\n<figure class=\"wp-block-image\"><img decoding=\"async\" src=\"https:\/\/sebastiantextiles.com\/wp-content\/uploads\/2021\/04\/2.png\" alt=\"ESDI\" class=\"wp-image-6427\"\/><\/figure>\n<\/div><\/div>\n\n\n<style>.kadence-column_f27709-a5 > .kt-inside-inner-col,.kadence-column_f27709-a5 > .kt-inside-inner-col:before{border-top-left-radius:0px;border-top-right-radius:0px;border-bottom-right-radius:0px;border-bottom-left-radius:0px;}.kadence-column_f27709-a5 > .kt-inside-inner-col{column-gap:var(--global-kb-gap-sm, 1rem);}.kadence-column_f27709-a5 > .kt-inside-inner-col{flex-direction:column;}.kadence-column_f27709-a5 > .kt-inside-inner-col > .aligncenter{width:100%;}.kadence-column_f27709-a5 > .kt-inside-inner-col:before{opacity:0.3;}.kadence-column_f27709-a5{position:relative;}@media all and (max-width: 1024px){.kadence-column_f27709-a5 > .kt-inside-inner-col{flex-direction:column;justify-content:center;}}@media all and (max-width: 767px){.kadence-column_f27709-a5 > .kt-inside-inner-col{flex-direction:column;justify-content:center;}}<\/style>\n<div class=\"wp-block-kadence-column kadence-column_f27709-a5\"><div class=\"kt-inside-inner-col\">\n<p class=\"wp-block-paragraph\"><strong>Doctora Encarna Ruiz Molina<\/strong><br><strong>Directora del Departamento Universitario de Teor\u00eda y An\u00e1lisis del Dise\u00f1o<\/strong><br><strong>ESDi- Universitat Ramon Llull<\/strong><\/p>\n\n\n\n<p class=\"wp-block-paragraph\"><a href=\"#_ftnref1\" name=\"_ftn1\">[1]<\/a> Belluccia, R. (2007). El dise\u00f1o gr\u00e1fico y su ense\u00f1anza: ilusiones y desenga\u00f1os. Buenos Aires: Paid\u00f3s.<\/p>\n\n\n\n<p class=\"wp-block-paragraph\"><a href=\"#_ftnref2\" name=\"_ftn2\">[2]<\/a> Chaves, N. (2008). La funci\u00f3n social del dise\u00f1o: realidades y utop\u00edas. Recuperado el 6 de octubre de 2008,<\/p>\n<\/div><\/div>\n\n<\/div><\/div>\n\n\n<p class=\"has-text-align-left wp-block-paragraph\"><\/p>\n","protected":false},"excerpt":{"rendered":"<p>\u201cEsta tormenta pasar\u00e1. Pero las elecciones que hacemos ahora podr\u00edan cambiar nuestras vidas en los a\u00f1os venideros.&#8221;<\/p>\n<p>N.Y. Harari, Financial Time, marzo 2020<\/p>\n","protected":false},"author":1,"featured_media":22207,"comment_status":"closed","ping_status":"closed","sticky":false,"template":"","format":"standard","meta":{"_acf_changed":false,"_kad_blocks_custom_css":"","_kad_blocks_head_custom_js":"","_kad_blocks_body_custom_js":"","_kad_blocks_footer_custom_js":"","_kad_post_transparent":"","_kad_post_title":"","_kad_post_layout":"","_kad_post_sidebar_id":"","_kad_post_content_style":"","_kad_post_vertical_padding":"","_kad_post_feature":"","_kad_post_feature_position":"","_kad_post_header":false,"_kad_post_footer":false,"footnotes":""},"categories":[1],"tags":[],"class_list":["post-6424","post","type-post","status-publish","format-standard","has-post-thumbnail","hentry","category-sin-categorizar"],"acf":[],"taxonomy_info":{"category":[{"value":1,"label":"News"}]},"featured_image_src_large":["https:\/\/sebastiantextiles.proyectowebs.com\/wp-content\/uploads\/2021\/04\/FOTOS-BLOG-1-1.png",850,500,false],"author_info":{"display_name":"soporte","author_link":"https:\/\/sebastiantextiles.proyectowebs.com\/en\/author\/soporte\/"},"comment_info":0,"category_info":[{"term_id":1,"name":"News","slug":"sin-categorizar","term_group":0,"term_taxonomy_id":1,"taxonomy":"category","description":"","parent":0,"count":22,"filter":"raw","cat_ID":1,"category_count":22,"category_description":"","cat_name":"News","category_nicename":"sin-categorizar","category_parent":0}],"tag_info":false,"_links":{"self":[{"href":"https:\/\/sebastiantextiles.proyectowebs.com\/en\/wp-json\/wp\/v2\/posts\/6424","targetHints":{"allow":["GET"]}}],"collection":[{"href":"https:\/\/sebastiantextiles.proyectowebs.com\/en\/wp-json\/wp\/v2\/posts"}],"about":[{"href":"https:\/\/sebastiantextiles.proyectowebs.com\/en\/wp-json\/wp\/v2\/types\/post"}],"author":[{"embeddable":true,"href":"https:\/\/sebastiantextiles.proyectowebs.com\/en\/wp-json\/wp\/v2\/users\/1"}],"replies":[{"embeddable":true,"href":"https:\/\/sebastiantextiles.proyectowebs.com\/en\/wp-json\/wp\/v2\/comments?post=6424"}],"version-history":[{"count":0,"href":"https:\/\/sebastiantextiles.proyectowebs.com\/en\/wp-json\/wp\/v2\/posts\/6424\/revisions"}],"wp:featuredmedia":[{"embeddable":true,"href":"https:\/\/sebastiantextiles.proyectowebs.com\/en\/wp-json\/wp\/v2\/media\/22207"}],"wp:attachment":[{"href":"https:\/\/sebastiantextiles.proyectowebs.com\/en\/wp-json\/wp\/v2\/media?parent=6424"}],"wp:term":[{"taxonomy":"category","embeddable":true,"href":"https:\/\/sebastiantextiles.proyectowebs.com\/en\/wp-json\/wp\/v2\/categories?post=6424"},{"taxonomy":"post_tag","embeddable":true,"href":"https:\/\/sebastiantextiles.proyectowebs.com\/en\/wp-json\/wp\/v2\/tags?post=6424"}],"curies":[{"name":"wp","href":"https:\/\/api.w.org\/{rel}","templated":true}]}}