{"id":6513,"date":"2021-05-06T16:06:45","date_gmt":"2021-05-06T15:06:45","guid":{"rendered":"https:\/\/sebastiantextiles.com\/?p=6513"},"modified":"2023-05-23T08:22:56","modified_gmt":"2023-05-23T08:22:56","slug":"sostenibilidad-de-las-materias-textiles","status":"publish","type":"post","link":"https:\/\/sebastiantextiles.proyectowebs.com\/en\/sostenibilidad-de-las-materias-textiles\/","title":{"rendered":"Sostenibilidad de las materias textiles"},"content":{"rendered":"\n<p class=\"wp-block-paragraph\">En estos \u00faltimos tiempos, cuando se relaciona el mundo de la moda con la sostenibilidad, no hay comunicaci\u00f3n que deje de mencionar la c\u00e9lebre frase que afirma que la industria del textil y de la moda es la segunda m\u00e1s contaminante del planeta, detr\u00e1s de la relacionada con el petr\u00f3leo. El objetivo de este texto no es analizar ni discutir dicha afirmaci\u00f3n, pero lo que s\u00ed es seguro es que la multitud de publicaciones, conferencias, debates alrededor de este tema han ayudado a concienciar a muchos consumidores, o por lo menos a preguntarse hasta qu\u00e9 punto esta afirmaci\u00f3n es cierta. Y en cada vez m\u00e1s ocasiones, esa parte de los consumidores m\u00e1s preocupados o concienciados con el impacto ambiental de la ropa que visten, se preguntan c\u00f3mo pueden saber cu\u00e1les son las prendas m\u00e1s sostenibles.<\/p>\n\n\n\n<p class=\"wp-block-paragraph\">La pregunta c\u00f3mo nos podemos imaginar no tiene una respuesta f\u00e1cil, por muchos motivos. Seguramente el primero de ellos es que el concepto de sostenibilidad es muy amplio en un primer nivel empieza por no relacionarse s\u00f3lo con los impactos ambientales, sino tambi\u00e9n por los sociales y como no, por los de viabilidad econ\u00f3mica. En este texto vamos a centrarnos exclusivamente en la sostenibilidad ambiental de las materias primas que utilizamos en la producci\u00f3n de los tejidos que luego utilizamos para confeccionar nuestras prendas.<\/p>\n\n\n\n<p class=\"wp-block-paragraph\">Ante la pregunta de ese grupo de consumidores concienciados, o por lo menos preocupados por la sostenibilidad de la moda de <em>\u201c\u00bfentonces, cual es la fibra textil m\u00e1s sostenible?\u201d<\/em> lamentablemente la respuesta tampoco puede ser taxativa, seguramente la primera respuesta de cualquier persona que tenga una visi\u00f3n global de sostenibilidad en el textil sea, <em>\u201cdepende!\u201d. <\/em>Depende sobre todo de la \u201cglobalidad\u201d con la que se quiera analizar el impacto ambiental de cada una de las fibras. Hay multitud de factores a tener en cuenta y en los diferentes an\u00e1lisis existentes, seguramente ninguno los tiene todos en cuenta, y esto es as\u00ed porqu\u00e9 es realmente muy complicado hacerlo, partiendo de la falta de unanimidad, incluso cient\u00edfica, de c\u00f3mo calcular y repercutir dichos impactos. Utilizando un lenguaje entendible para todos, vamos a analizar, algunos de ellos:<\/p>\n\n\n\n<ul class=\"wp-block-list\">\n<li>\u00bfLas fibras proceden de fuentes renovables o no? Tenemos fibras naturales, artificiales y sint\u00e9ticas. Podemos considerar que las dos primeras son renovables, entre ellas contamos con el algod\u00f3n, el lino y otras vegetales, las viscosas, modales y Lyocell, la lana y otros pelos de animales, la seda. Las fibras sint\u00e9ticas (poli\u00e9ster, poliamida, acr\u00edlicas, elast\u00f3meros, aramidas etc.) est\u00e1n compuestas mayoritariamente por pol\u00edmeros procedentes del petr\u00f3leo y por tanto no son de fuentes renovables.<\/li>\n\n\n\n<li>\u00bfQu\u00e9 impactos negativos tiene su obtenci\u00f3n para el medio ambiente? En el cultivo de las fibras vegetales utilizamos agua de regad\u00edo en exceso, contaminamos los suelos con fertilizantes qu\u00edmicos o controlamos las plagas con productos fitosanitarios. El algod\u00f3n es la fibra de origen natural m\u00e1s utilizada con un 25% del mercado y es la que mayores niveles de consumo de agua y productos qu\u00edmicos consumo. Las fibras de origen animal como la lana y otros pelos son producidas por rumiantes que emiten notables cantidades de metano en sus tractos digestivos y \u00f3xidos nitrosos en sus deposiciones que son gases de alto potencial de efecto invernadero. Para la fabricaci\u00f3n de las viscosas necesitamos madera, \u00bfla conseguimos talando bosques v\u00edrgenes o mediante silvicultura controlada y certificada?, adem\u00e1s los procesos de fabricaci\u00f3n consumen agua y qu\u00edmicos que pueden contaminar las aguas residuales y el aire. Aparentemente las fibras sint\u00e9ticas no tienen estos problemas, pero \u00bfes que la extracci\u00f3n y refinado del petr\u00f3leo no contaminan? Y en el proceso de s\u00edntesis de las fibras y su extrusi\u00f3n para producir los hilos, usamos altas cantidades de energ\u00eda y productos qu\u00edmicos. El 50% de las fibras textiles utilizadas en el mundo es poli\u00e9ster, podemos imaginarnos que no va a ser f\u00e1cil de sustituir.<\/li>\n<\/ul>\n\n\n\n<p class=\"wp-block-paragraph\">Por tanto, consumo de agua, productos qu\u00edmicos, contaminaci\u00f3n de las aguas residuales y del aire con sustancias t\u00f3xicas, eutrofizaci\u00f3n de los efluentes, emisiones de gases de efecto invernadero asociadas, ocupaci\u00f3n del suelo, son algunos de los elementos m\u00e1s importantes a tener en cuenta para poder comparar la sostenibilidad de las fibras.<\/p>\n\n\n\n<ul class=\"wp-block-list\">\n<li>\u00bfCu\u00e1les son los impactos de los procesos productivos de la industria de cabecera? Hilatura y tejedur\u00eda consumen b\u00e1sicamente energ\u00eda el\u00e9ctrica y por tanto dependiendo de su origen, libre de emisiones o no, contribuir\u00e1n al cambio clim\u00e1tico en m\u00e1s o menos medida. En cambio, en los procesos de tintes y acabados intervienen muchos m\u00e1s factores: Consumo intensivo de agua, colorantes y qu\u00edmicos auxiliares de origen sint\u00e9tico, energ\u00eda calor\u00edfica obtenida en calderas de vapor que funcionan a base de gasoil, gas natural o biomasa en el mejor de los casos. La obtenci\u00f3n de vapor y el uso de combustibles f\u00f3siles para los tratamientos con calor de los tejidos pueden suponer casi el 70% de la huella de carbono de una f\u00e1brica de tintes y acabados. En cada una de las partes del proceso existen opciones de mayor o menor impacto y estas est\u00e1n condicionadas no s\u00f3lo por las propias fibras, sino tambi\u00e9n por la constituci\u00f3n de hilos y tejidos por lo cual introducimos aqu\u00ed los condicionantes del dise\u00f1o de los productos; mezclamos o no fibras en los hilos, mezclamos hilos de diferentes composiciones en los tejidos, seleccionamos colores y diferentes procesos de acabados\u2026 Todas estas decisiones condicionan los procesos y las posibles elecciones para reducir consumos de agua, qu\u00edmicos y energ\u00eda.<\/li>\n\n\n\n<li>Donde producimos y el impacto de la log\u00edstica. \u00bfProximidad o deslocalizaci\u00f3n? Dejando aparte la agricultura y ganader\u00eda, el transporte es el tercer sector en emisiones de gases de efecto invernadero con un 19%<sup>(1) <\/sup>en 2017. Mover las materias primas entre continentes en sus fases de producci\u00f3n y el env\u00edo a los centros de distribuci\u00f3n de las prendas acabadas puede suponer unas emisiones de CO<sub>2<\/sub> asociadas entre 5 y 10 veces superiores que una producci\u00f3n en proximidad en un radio de unos 1500Km.<\/li>\n<\/ul>\n\n\n\n<p class=\"wp-block-paragraph\">Algo parecido ocurre con la log\u00edstica de distribuci\u00f3n y venta, ya sea en tienda f\u00edsica o en los modelos e-commerce.<\/p>\n\n\n\n<ul class=\"wp-block-list\">\n<li>Como usamos las prendas. O mejor dicho \u00bfc\u00f3mo las cuidamos los consumidores y consumidoras? Somos poco conscientes de ello, pero el lavado, secado y planchado dom\u00e9sticos son responsables de una buena parte del impacto ambiental en toda la vida de las prendas. Un estudio propio de la conocida compa\u00f1\u00eda de ropa vaquera Levi\u2019s calcula que el uso dom\u00e9stico de un pantal\u00f3n supone un 23% el consumo total de agua y un 37% de las emisiones de CO<sub>2 <\/sub>equivalente<sup> (2)<\/sup>.<\/li>\n<\/ul>\n\n\n\n<p class=\"wp-block-paragraph\">Podr\u00edamos introducir aqu\u00ed uno de los problemas potencialmente graves asociados a las fibras sint\u00e9ticas que es la liberaci\u00f3n de microfibras al medio acu\u00e1tico. No hay demasiados estudios sobre las consecuencias para la salud a medio y largo plazo que puede conllevar la presencia de microfibras en r\u00edos y oc\u00e9anos, pero es un hecho que no hay ning\u00fan rinc\u00f3n del planeta donde no se hayan detectado microfibras y al mismo tiempo se conoce que est\u00e1n introduci\u00e9ndose en la cadena tr\u00f3fica. Se encuentran microfibras en tejidos y v\u00edsceras de peces y otros animales marinos. Sin duda van a llegar a nuestros cuerpos si no las tenemos ya, sin una idea clara de c\u00f3mo nos pueden afectar. Una buena parte de estas microfibras se liberan durante el procesado y lavado de tejidos y prendas. Otra parte de las microfibras se liberan con el desgaste de los neum\u00e1ticos de automoci\u00f3n, como fragmentaci\u00f3n de productos pl\u00e1sticos o como aditivos en productos cosm\u00e9ticos.<\/p>\n\n\n\n<ul class=\"wp-block-list\">\n<li>Y finalmente, y no menos importante, qu\u00e9 ocurre cuando decidimos deshacernos de las prendas. En este punto de nuevo, intervienen varios conceptos. El primero ser\u00eda la propia durabilidad de las prendas, ligada por supuesto a la calidad de los materiales, pero tambi\u00e9n a conceptos de moda y tendencias, y otro importante que no podemos obviar que es el v\u00ednculo emocional se establece entre la persona y la prenda. Este hecho tiene una relaci\u00f3n directa muy importante con el tiempo que permanece la prenda en el armario.<\/li>\n<\/ul>\n\n\n\n<p class=\"wp-block-paragraph\">\u00bfLa regalamos o vendemos de segunda mano? Esto permitir\u00e1 alargar la vida \u00fatil de la prenda y retrasar la llegada al reciclaje. Un efecto similar se consigue con los nuevos modelos de alquiler y renting\/sustituci\u00f3n.<\/p>\n\n\n\n<p class=\"wp-block-paragraph\">En cualquier caso, como explica el profesor de la UPC Enric Carrera<sup> (3) <\/sup>experto en sostenibilidad del sector textil, las prendas en un momento u otro acabar\u00e1n desechadas, con dos caminos principales: el primero es que lleguen directamente al vertedero si los consumidores las depositamos en el contenedor gris. La segunda es que las depositemos en los contenedores de recogida de ropa de las entidades del tercer sector y de esta forma exista la posibilidad de ser recicladas y entre las distintas posibilidades, que las fibras puedan ser recuperadas y utilizadas de nuevo para hacer nuevos hilos, ya sea de forma mec\u00e1nica o de forma qu\u00edmica.<\/p>\n\n\n\n<p class=\"wp-block-paragraph\">Los procesos de reciclaje mec\u00e1nicos existen desde hace muchos a\u00f1os y no han cambiado sustancialmente, consisten en romper los tejidos, individualizar las fibras y volver a utilizarlas. El resultado, por mucho que nos empe\u00f1emos, son hilos y tejidos de menor calidad que los originales. Adem\u00e1s, por el momento s\u00f3lo existe un mercado razonablemente activo en la recuperaci\u00f3n de los tejidos \u201cmono fibra\u201d y en concreto de algod\u00f3n o de lana. Las mezclas de fibras no tienen salidas comerciales relevantes.<\/p>\n\n\n\n<p class=\"wp-block-paragraph\">El reciclado qu\u00edmico consiste en \u201cdisolver\u201d los pol\u00edmeros que forman las fibras para as\u00ed poder qu\u00edmicamente sintetizarlos de nuevo. Esto abre la puerta al reciclado de las mezclas de fibras de cualquier tipo y ser\u00eda una soluci\u00f3n m\u00e1s consistente como explica Carrera, pero t\u00e9cnicamente est\u00e1 en proceso de investigaci\u00f3n y no parece estar en condiciones de ser implementado industrialmente de forma viable a corto plazo.<\/p>\n\n\n\n<p class=\"wp-block-paragraph\">Siendo realistas, gran parte de los textiles acaba en el vertedero y en este sentido, pensando en impacto ambiental inmediato, volvemos al primero de los puntos analizados; \u00bfson mejores las fibras biodegradables (de origen renovable pr\u00e1cticamente todas ellas) o las sint\u00e9ticas? Un tejido de fibras sint\u00e9ticas puede tardar m\u00e1s de 200 a\u00f1os en degradarse, cuando uno de algod\u00f3n o lana puede hacerlo en meses o algunos a\u00f1os.<\/p>\n\n\n\n<p class=\"wp-block-paragraph\">Podr\u00edamos escribir much\u00edsimo m\u00e1s y de forma m\u00e1s detallada y documentada sobre los impactos ambientales de las materias textiles y los procesos asociados. Para analizarlos de forma detallada y documentada el mundo t\u00e9cnico, cient\u00edfico y acad\u00e9mico utiliza cada vez m\u00e1s una herramienta llamada ANALISIS DE CICLO DE VIDA (ACV o en ingles LCA<sup> (4)<\/sup>) de los productos. Como su nombre indica, un An\u00e1lisis de Ciclo de Vida consiste en estudiar todos los pasos en la vida de un producto, en nuestro caso desde la obtenci\u00f3n de las materias primas, hasta el fin de vida del mismo tal como hemos hecho anteriormente, pero de forma totalmente procedimentada y definida y, sobre todo, analizando unos par\u00e1metros muy concretos (\u00edndices de impacto) que puedan ser evaluados num\u00e9ricamente. En consecuencia, que permitan dar un valor de num\u00e9rico determinado. Dichos impactos son para entendernos: Las emisiones de gases de efecto invernadero, el consumo de agua, su contaminaci\u00f3n y eutrofizaci\u00f3n<sup> (5)<\/sup>, la toxicidad para el medio ambiente y los humanos tanto del agua como del suelo y del aire, y finalmente el consumo de recursos naturales, entre ellos, la ocupaci\u00f3n del suelo \u00fatil. Cada uno de estos par\u00e1metros es analizado y valorado de forma num\u00e9rica en cada una de las fases de la vida del producto. Esto permite tener un inventario de impactos que, en el caso de productos similares, permite compararlos o realizar planes de mejora. Si se hace el mismo an\u00e1lisis sobre el mismo producto en diferentes periodos, se pueden evaluar las mejoras obtenidas.<\/p>\n\n\n\n<p class=\"wp-block-paragraph\">Volvamos ahora al inicio de este texto, donde dec\u00edamos que la respuesta a la pregunta de \u201ccu\u00e1l es la fibra m\u00e1s sostenible\u201d ser\u00eda \u201cdepende\u201d. Si nos centramos en los An\u00e1lisis de Ciclo de Vida de producto el \u201cdepende\u201d empieza en primer lugar por la definici\u00f3n detallada del alcance del an\u00e1lisis; \u00bfabarcamos todo el ciclo de vida o parte del mismo? La segunda pregunta puede ser, cuales son los \u00edndices que vamos a tener en cuenta en el LCA, la tercera, qu\u00e9 metodolog\u00eda de c\u00e1lculo hemos utilizado y que nivel de precisi\u00f3n nos ofrece. Existen dos \u00edndices de sostenibilidad de fibras bastante conocidos dentro del sector textil y moda, el \u00edndice HIGG y el benchmark de fibras de Made By. Los dos de alguna forma est\u00e1n basados en an\u00e1lisis de ciclo de vida y en general, dejan en bastante mal lugar a las fibras naturales en \u201cbeneficio\u201d de las sint\u00e9ticas. Como era de esperar las entidades que defienden el uso de las fibras naturales realizan varias preguntas al respecto que vale la pena no obviar. Por ejemplo:<\/p>\n\n\n\n<ul class=\"wp-block-list\">\n<li>\u00bfEn las fibras sint\u00e9ticas, se tienen en cuenta los procesos de extracci\u00f3n y refinado del petr\u00f3leo?&#8230; o solamente la parte de industria qu\u00edmica de s\u00edntesis de la fibra y su extrusi\u00f3n. En cambio, para el algod\u00f3n y la lana tienen en cuenta incluso el agua de lluvia de consumen (algo totalmente natural) o las emisiones de \u00f3xido nitroso de los excrementos de las ovejas que pastan libremente en el campo.<\/li>\n\n\n\n<li>\u00bfTienen en cuenta la liberaci\u00f3n y el efecto de las microfibras en los medios acu\u00e1ticos?<\/li>\n\n\n\n<li>\u00bfLa ropa de lana se suele lavar pocas veces, le damos el mismo impacto de uso dom\u00e9stico que el resto de las fibras?<\/li>\n\n\n\n<li>\u00bfQu\u00e9 ocurre cuando queremos reciclar los tejidos? Los tejidos de algod\u00f3n y lana tienen valor y se puede reaprovechar la fibra. Los sint\u00e9ticos y sus mezclas pr\u00e1cticamente no.<\/li>\n\n\n\n<li>\u00bfTiene alguna valoraci\u00f3n el hecho de que las fibras sint\u00e9ticas no sean biodegradables?<\/li>\n<\/ul>\n\n\n\n<p class=\"wp-block-paragraph\">Otro problema de los An\u00e1lisis de Ciclo de Vida es que dan resultados promedio de un tipo de fibra o un sector. Son gen\u00e9ricos. Pero las pr\u00e1cticas desde el cultivo o pastoreo, los procesos industriales, la obtenci\u00f3n y uso de las energ\u00edas etc. var\u00edan mucho entre zonas geogr\u00e1ficas y econ\u00f3micas. Por tanto, antes de generalizar, es importante analizar la realidad de cada caso concreto. Lo suyo ser\u00eda hacer el ACV de una prenda concreta de acuerdo con su trazabilidad, no de las prendas similares en general, bajo ciertos promedios.<\/p>\n\n\n\n<p class=\"wp-block-paragraph\">En tercer lugar, los c\u00e1lculos de los \u00edndices evaluables en los procesos industriales son relativamente conocidos y reproducibles, pero no ocurre lo mismo en el medio natural. En los procesos agr\u00edcolas y ganaderos no hay todav\u00eda suficientes an\u00e1lisis y conocimiento como para tener una alta seguridad en los valores resultantes de los distintos \u00edndices evaluados.<\/p>\n\n\n\n<p class=\"wp-block-paragraph\">Hay un \u00faltimo elemento que no hemos mencionado hasta ahora, pero que no puede pasar desapercibido. Y es que el An\u00e1lisis de Ciclo de Vida, no tiene en cuenta el valor \u201csocioambiental\u201d de la obtenci\u00f3n de las fibras. Para ello pongamos un solo ejemplo: La lana es una fibra con un mal resultado en los \u00edndices de sostenibilidad, se le atribuyen problemas de emisiones de GEI por el metano generado por las ovejas, degradaci\u00f3n y ocupaci\u00f3n del suelo, eutrofizaci\u00f3n de las aguas etc. En las zonas de pasto y dehesas de Extremadura, Andaluc\u00eda y Castillas, las ovejas suponen un beneficio para el ecosistema. El pastoreo de los animales en libertad ayuda a la regeneraci\u00f3n de la vegetaci\u00f3n, los excrementos abonan un suelo ya de por si pobre en nutrientes, existe un beneficio mutuo entre ganader\u00eda y paisaje. Son tierras que no son aptas para el cultivo y la presencia del ganado ovino ofrece un modo de vida para los ganaderos y sus familias, contribuyendo al mantenimiento econ\u00f3mico de las zonas rurales y evitando el abandono del campo. Es altamente dif\u00edcil valorar estos elementos con un \u00edndice.<\/p>\n\n\n\n<p class=\"wp-block-paragraph\">Para concluir, por todo lo explicado, seguramente no podemos decir que exista la fibra m\u00e1s sostenible. Es cuesti\u00f3n de analizar de una forma completa los efectos negativos y los beneficios y l\u00f3gicamente entender qu\u00e9 tipo de tejido o prenda tenemos en las manos y cu\u00e1les son las propiedades que le vamos a exigir. No todas las fibras sirven para todo. Lo que s\u00ed est\u00e1 en nuestras manos es, dentro de cada una de las fibras, escoger la versi\u00f3n con el impacto m\u00e1s bajo y para ello podemos:<\/p>\n\n\n\n<ul class=\"wp-block-list\">\n<li>Optar por algodones org\u00e1nicos o \u201cresponsables\u201d como BCI o Cotton Made in \u00c1frica que procuran por el bienestar de los agricultores. Usar el lino o el c\u00e1\u00f1amo (aunque este \u00faltimo es dif\u00edcil de encontrar el mercado).<\/li>\n\n\n\n<li>Usar lanas, sedas, pelos o plumas de or\u00edgenes conocidos donde se respete el bienestar animal y sobre todo contribuyan a conservaci\u00f3n y regeneraci\u00f3n de la biodiversidad y de las comunidades rurales.<\/li>\n\n\n\n<li>Utilizar fibras celul\u00f3sicas como el Lyocell con un proceso productivo mucho menos contaminante y asegurar que los proveedores utilizan madera procedente de silvicultura certificada (FSC, Canopy etc.)<\/li>\n\n\n\n<li>Limitar en lo posible el uso de fibras sint\u00e9ticas y optar siempre por versiones recicladas certificadas. Cualquier reciclado con origen no certificado no es recomendable.<\/li>\n<\/ul>\n\n\n\n<p class=\"wp-block-paragraph\">Y por supuesto estar atentos a los nuevos pol\u00edmeros y nuevas fibras que van apareciendo y que, con dificultades para penetrar en el mercado por motivos de coste o volumen, ofrecen opciones muy interesantes; desde los biopol\u00edmeros, hasta fibras vegetales como el c\u00e1\u00f1amo y la ortiga, materiales naturales sintetizados a partir de hongos, uso de las algas marinas etc. etc.<\/p>\n\n\n<style>.kb-row-layout-id_c0149b-20 > .kt-row-column-wrap{align-content:start;}:where(.kb-row-layout-id_c0149b-20 > .kt-row-column-wrap) > .wp-block-kadence-column{justify-content:start;}.kb-row-layout-id_c0149b-20 > .kt-row-column-wrap{column-gap:var(--global-kb-gap-md, 2rem);row-gap:var(--global-kb-gap-md, 2rem);padding-top:var(--global-kb-spacing-sm, 1.5rem);padding-bottom:var(--global-kb-spacing-sm, 1.5rem);grid-template-columns:minmax(0, 1fr) minmax(0, 2fr);}.kb-row-layout-id_c0149b-20 > .kt-row-layout-overlay{opacity:0.30;}@media all and (max-width: 1024px){.kb-row-layout-id_c0149b-20 > .kt-row-column-wrap{grid-template-columns:minmax(0, 1fr) minmax(0, 2fr);}}@media all and (max-width: 767px){.kb-row-layout-id_c0149b-20 > .kt-row-column-wrap{grid-template-columns:minmax(0, 1fr);}}<\/style><div class=\"kb-row-layout-wrap kb-row-layout-id_c0149b-20 alignnone wp-block-kadence-rowlayout\"><div class=\"kt-row-column-wrap kt-has-2-columns kt-row-layout-right-golden kt-tab-layout-inherit kt-mobile-layout-row kt-row-valign-top\">\n<style>.kadence-column_caac9f-cc > .kt-inside-inner-col,.kadence-column_caac9f-cc > .kt-inside-inner-col:before{border-top-left-radius:0px;border-top-right-radius:0px;border-bottom-right-radius:0px;border-bottom-left-radius:0px;}.kadence-column_caac9f-cc > .kt-inside-inner-col{column-gap:var(--global-kb-gap-sm, 1rem);}.kadence-column_caac9f-cc > .kt-inside-inner-col{flex-direction:column;}.kadence-column_caac9f-cc > .kt-inside-inner-col > .aligncenter{width:100%;}.kadence-column_caac9f-cc > .kt-inside-inner-col:before{opacity:0.3;}.kadence-column_caac9f-cc{position:relative;}@media all and (max-width: 1024px){.kadence-column_caac9f-cc > .kt-inside-inner-col{flex-direction:column;justify-content:center;}}@media all and (max-width: 767px){.kadence-column_caac9f-cc > .kt-inside-inner-col{flex-direction:column;justify-content:center;}}<\/style>\n<div class=\"wp-block-kadence-column kadence-column_caac9f-cc\"><div class=\"kt-inside-inner-col\">\n<figure class=\"wp-block-image\"><img decoding=\"async\" src=\"https:\/\/sebastiantextiles.com\/wp-content\/uploads\/2021\/05\/FOTO-MARCEL.LI_.jpg\" alt=\"Marcel\u00b7l\u00ed P\u00e9rez Calveras\" class=\"wp-image-6427\"\/><\/figure>\n\n\n\n<figure class=\"wp-block-image\"><img decoding=\"async\" src=\"https:\/\/sebastiantextiles.com\/wp-content\/uploads\/2021\/04\/2.png\" alt=\"ESDI\" class=\"wp-image-6427\"\/><\/figure>\n<\/div><\/div>\n\n\n<style>.kadence-column_f27709-a5 > .kt-inside-inner-col,.kadence-column_f27709-a5 > .kt-inside-inner-col:before{border-top-left-radius:0px;border-top-right-radius:0px;border-bottom-right-radius:0px;border-bottom-left-radius:0px;}.kadence-column_f27709-a5 > .kt-inside-inner-col{column-gap:var(--global-kb-gap-sm, 1rem);}.kadence-column_f27709-a5 > .kt-inside-inner-col{flex-direction:column;}.kadence-column_f27709-a5 > .kt-inside-inner-col > .aligncenter{width:100%;}.kadence-column_f27709-a5 > .kt-inside-inner-col:before{opacity:0.3;}.kadence-column_f27709-a5{position:relative;}@media all and (max-width: 1024px){.kadence-column_f27709-a5 > .kt-inside-inner-col{flex-direction:column;justify-content:center;}}@media all and (max-width: 767px){.kadence-column_f27709-a5 > .kt-inside-inner-col{flex-direction:column;justify-content:center;}}<\/style>\n<div class=\"wp-block-kadence-column kadence-column_f27709-a5\"><div class=\"kt-inside-inner-col\">\n<p class=\"wp-block-paragraph\"><strong>Marcel\u00b7l\u00ed P\u00e9rez Calveras<\/strong><br><strong>Profesor de Sostenibilidad y Tecnolog\u00eda Textil<\/strong><br><strong>Coordinador de los Ciclos Formativos de la EFPA \u2013 ESDi<\/strong><br><strong>ESDi \u2013 Universitat Ramon Llull<\/strong><\/p>\n\n\n\n<ul class=\"wp-block-list\">\n<li><span style=\"font-size: 10pt;\">Fuente: Fundaci\u00f3n Empresa y Clima: Informe de situaci\u00f3n de las emisiones de CO<sub>2<\/sub> en el mundo. A\u00f1o 2018. Publicado en septiembre de 2020 por la propia fundaci\u00f3n<\/span><\/li>\n\n\n\n<li><span style=\"font-size: 10pt;\">Fuente: Levi Strauss &amp; Co\u00ae 2015: The Life Cycle of a Jean. Understanding the environmental impact of a pair of Levi\u2019s\u00ae 501\u00ae<\/span><\/li>\n\n\n\n<li><span style=\"font-size: 10pt;\">Enric Carrera es doctor en Ingenier\u00eda Textil por la UPC e ingeniero t\u00e9cnico textil e imparte docencia en la ESEIAAT. Actualmente es tambi\u00e9n director del Instituto de Investigaci\u00f3n Textil y Cooperaci\u00f3n Industrial (INTEXTER) de la Universitat Polit\u00e8cnica de Catalunya (UPC) y director de la C\u00e1tedra Unesco de Sostenibilidad de la UPC.<\/span><\/li>\n\n\n\n<li><span style=\"font-size: 10pt;\">LCA: Life Cicle Assessment.<\/span><\/li>\n\n\n\n<li><span style=\"font-size: 10pt;\">La eutrofizaci\u00f3n del medio acu\u00e1tico es el proceso de contaminaci\u00f3n de las mismas por exceso de nutrientes o materia org\u00e1nica, principalmente compuestos de nitr\u00f3geno y f\u00f3sforo. Cuando las aguas est\u00e1n eutrofizadas en exceso prolifera el crecimiento de aguas y materia vegetal lo cual, entre otras consecuencias, consumo el ox\u00edgeno disuelto y dificulta la vida de peces y otras especies.<\/span><\/li>\n<\/ul>\n<\/div><\/div>\n\n<\/div><\/div>","protected":false},"excerpt":{"rendered":"<p>La industria del textil y de la moda es la segunda m\u00e1s contaminante del planeta, detr\u00e1s de la relacionada con el petr\u00f3leo.<\/p>\n","protected":false},"author":1,"featured_media":22210,"comment_status":"closed","ping_status":"closed","sticky":false,"template":"","format":"standard","meta":{"_acf_changed":false,"_kad_blocks_custom_css":"","_kad_blocks_head_custom_js":"","_kad_blocks_body_custom_js":"","_kad_blocks_footer_custom_js":"","_kad_post_transparent":"","_kad_post_title":"","_kad_post_layout":"","_kad_post_sidebar_id":"","_kad_post_content_style":"","_kad_post_vertical_padding":"","_kad_post_feature":"","_kad_post_feature_position":"","_kad_post_header":false,"_kad_post_footer":false,"footnotes":""},"categories":[1],"tags":[],"class_list":["post-6513","post","type-post","status-publish","format-standard","has-post-thumbnail","hentry","category-sin-categorizar"],"acf":[],"taxonomy_info":{"category":[{"value":1,"label":"News"}]},"featured_image_src_large":["https:\/\/sebastiantextiles.proyectowebs.com\/wp-content\/uploads\/2021\/05\/Diseno-sin-titulo-1-1.png",850,500,false],"author_info":{"display_name":"soporte","author_link":"https:\/\/sebastiantextiles.proyectowebs.com\/en\/author\/soporte\/"},"comment_info":0,"category_info":[{"term_id":1,"name":"News","slug":"sin-categorizar","term_group":0,"term_taxonomy_id":1,"taxonomy":"category","description":"","parent":0,"count":22,"filter":"raw","cat_ID":1,"category_count":22,"category_description":"","cat_name":"News","category_nicename":"sin-categorizar","category_parent":0}],"tag_info":false,"_links":{"self":[{"href":"https:\/\/sebastiantextiles.proyectowebs.com\/en\/wp-json\/wp\/v2\/posts\/6513","targetHints":{"allow":["GET"]}}],"collection":[{"href":"https:\/\/sebastiantextiles.proyectowebs.com\/en\/wp-json\/wp\/v2\/posts"}],"about":[{"href":"https:\/\/sebastiantextiles.proyectowebs.com\/en\/wp-json\/wp\/v2\/types\/post"}],"author":[{"embeddable":true,"href":"https:\/\/sebastiantextiles.proyectowebs.com\/en\/wp-json\/wp\/v2\/users\/1"}],"replies":[{"embeddable":true,"href":"https:\/\/sebastiantextiles.proyectowebs.com\/en\/wp-json\/wp\/v2\/comments?post=6513"}],"version-history":[{"count":0,"href":"https:\/\/sebastiantextiles.proyectowebs.com\/en\/wp-json\/wp\/v2\/posts\/6513\/revisions"}],"wp:featuredmedia":[{"embeddable":true,"href":"https:\/\/sebastiantextiles.proyectowebs.com\/en\/wp-json\/wp\/v2\/media\/22210"}],"wp:attachment":[{"href":"https:\/\/sebastiantextiles.proyectowebs.com\/en\/wp-json\/wp\/v2\/media?parent=6513"}],"wp:term":[{"taxonomy":"category","embeddable":true,"href":"https:\/\/sebastiantextiles.proyectowebs.com\/en\/wp-json\/wp\/v2\/categories?post=6513"},{"taxonomy":"post_tag","embeddable":true,"href":"https:\/\/sebastiantextiles.proyectowebs.com\/en\/wp-json\/wp\/v2\/tags?post=6513"}],"curies":[{"name":"wp","href":"https:\/\/api.w.org\/{rel}","templated":true}]}}